{"id":8015,"date":"2022-08-02T21:28:52","date_gmt":"2022-08-03T02:28:52","guid":{"rendered":"https:\/\/podernacional.com\/?p=8015"},"modified":"2022-08-03T02:28:53","modified_gmt":"2022-08-03T02:28:53","slug":"eeuu-personas-sin-seguro-de-salud-alcanza-minimo-historico","status":"publish","type":"post","link":"https:\/\/podernacional.com\/?p=8015","title":{"rendered":"EEUU: Personas sin seguro de salud alcanza m\u00ednimo hist\u00f3rico"},"content":{"rendered":"<h4>El secretario de Salud y Servicios Humanos Xavier Becerra habla durante una conferencia de prensa el 28 de junio de 2022, en Washington.<\/h4>\n<p>EEUU: El n\u00famero de personas que viven en Estados Unidos sin un seguro de salud alcanz\u00f3 un m\u00ednimo hist\u00f3rico del 8% este a\u00f1o.<\/p>\n<p>Ademas de que anunci\u00f3 el martes el Departamento de Salud y Servicios Humanos.<\/p>\n<p>\u201cCada estadounidense tiene el derecho a la tranquilidad que viene con el acceso a una atenci\u00f3n m\u00e9dica asequible y de calidad\u201d.<\/p>\n<p>Con esto dijo el presidente Joe Biden en un comunicado emitido el martes sobre la tasa hist\u00f3ricamente baja de estadounidenses no asegurados.<\/p>\n<p>El anunci\u00f3 se produce d\u00edas despu\u00e9s de que los dem\u00f3cratas elaboraran un acuerdo de 725 p\u00e1ginas en materia clim\u00e1tica, de atenci\u00f3n m\u00e9dica.<\/p>\n<p>As\u00ed como de materia fiscal, que ampliar\u00eda los generosos subsidios federales para las personas que compran seguros de salud privados.<\/p>\n<p>A los que se atribuye la reducci\u00f3n en las tasas de no asegurados.<\/p>\n<h4>Los dem\u00f3cratas han propuesto un gasto de 64.000 millones de d\u00f3lares para prolongar esas reducciones de precios por tres a\u00f1os m\u00e1s.<\/h4>\n<p>La disminuci\u00f3n en la cantidad de estadounidenses no asegurados comenz\u00f3 el a\u00f1o pasado.<\/p>\n<p>Por ende cuando el Congreso y Biden promulgaron un paquete de ayuda por la pandemia de coronavirus de 1,9 billones de d\u00f3lares.<\/p>\n<p>Mencionan que redujo las primas y los gastos directos de clientes nuevos o reincidentes que adquirieron planes.<\/p>\n<p>A trav\u00e9s de los mercados privados de la Ley de Protecci\u00f3n al Paciente y Cuidado de Salud Asequible.<\/p>\n<p>La tasa de no asegurados disminuy\u00f3 a poco menos de 9% el a\u00f1o pasado gracias a los mejores subsidios.<\/p>\n<p>El gobierno de Biden tambi\u00e9n empez\u00f3 a aumentar la publicidad y el n\u00famero de asesores que ayudaron con las solicitudes de inscripci\u00f3n de los planes durante la temporada del a\u00f1o pasado.<\/p>\n<p>Antes del a\u00f1o pasado, la tasa de personas sin seguro se hab\u00eda mantenido constantemente en doble d\u00edgitos durante d\u00e9cadas<\/p>\n<p>Aproximadamente 26 millones de personas siguen sin seguro de salud en EEUU. Pero apenas menos del 2% de los ni\u00f1os no est\u00e1n asegurados.<\/p>\n<p>&nbsp;<\/p>\n<p>&nbsp;<\/p>\n","protected":false},"excerpt":{"rendered":"<p>El secretario de Salud y Servicios Humanos Xavier Becerra habla durante una conferencia de prensa el 28 de junio de 2022, en Washington. EEUU: El n\u00famero de personas que viven en Estados Unidos sin un seguro de salud alcanz\u00f3 un m\u00ednimo hist\u00f3rico del 8% este a\u00f1o. Ademas de que anunci\u00f3 el martes el Departamento de [&hellip;]<\/p>\n","protected":false},"author":1,"featured_media":8017,"comment_status":"open","ping_status":"closed","sticky":false,"template":"","format":"standard","meta":{"footnotes":""},"categories":[5,11],"tags":[],"class_list":["post-8015","post","type-post","status-publish","format-standard","has-post-thumbnail","hentry","category-internacional","category-salud"],"_links":{"self":[{"href":"https:\/\/podernacional.com\/index.php?rest_route=\/wp\/v2\/posts\/8015","targetHints":{"allow":["GET"]}}],"collection":[{"href":"https:\/\/podernacional.com\/index.php?rest_route=\/wp\/v2\/posts"}],"about":[{"href":"https:\/\/podernacional.com\/index.php?rest_route=\/wp\/v2\/types\/post"}],"author":[{"embeddable":true,"href":"https:\/\/podernacional.com\/index.php?rest_route=\/wp\/v2\/users\/1"}],"replies":[{"embeddable":true,"href":"https:\/\/podernacional.com\/index.php?rest_route=%2Fwp%2Fv2%2Fcomments&post=8015"}],"version-history":[{"count":1,"href":"https:\/\/podernacional.com\/index.php?rest_route=\/wp\/v2\/posts\/8015\/revisions"}],"predecessor-version":[{"id":8016,"href":"https:\/\/podernacional.com\/index.php?rest_route=\/wp\/v2\/posts\/8015\/revisions\/8016"}],"wp:featuredmedia":[{"embeddable":true,"href":"https:\/\/podernacional.com\/index.php?rest_route=\/wp\/v2\/media\/8017"}],"wp:attachment":[{"href":"https:\/\/podernacional.com\/index.php?rest_route=%2Fwp%2Fv2%2Fmedia&parent=8015"}],"wp:term":[{"taxonomy":"category","embeddable":true,"href":"https:\/\/podernacional.com\/index.php?rest_route=%2Fwp%2Fv2%2Fcategories&post=8015"},{"taxonomy":"post_tag","embeddable":true,"href":"https:\/\/podernacional.com\/index.php?rest_route=%2Fwp%2Fv2%2Ftags&post=8015"}],"curies":[{"name":"wp","href":"https:\/\/api.w.org\/{rel}","templated":true}]}}