{"id":8030,"date":"2022-08-03T19:59:34","date_gmt":"2022-08-04T00:59:34","guid":{"rendered":"https:\/\/podernacional.com\/?p=8030"},"modified":"2022-08-04T00:59:35","modified_gmt":"2022-08-04T00:59:35","slug":"dia-internacional-de-la-cerveza-por-que-se-celebra-el-primer-viernes-de-agosto-y-cual-es-su-origen","status":"publish","type":"post","link":"https:\/\/podernacional.com\/?p=8030","title":{"rendered":"D\u00eda Internacional de la Cerveza: \u00bfpor qu\u00e9 se celebra el primer viernes de agosto y cu\u00e1l es su origen?"},"content":{"rendered":"<h4>Es una de las bebidas fermentadas con mayor antig\u00fcedad, y aqu\u00ed te contaremos c\u00f3mo surgi\u00f3 la idea de proclamar su d\u00eda internacional.<\/h4>\n<p>D\u00eda Internacional de la Cerveza: Este primer viernes de agosto se celebra, en la mayor\u00eda de pa\u00edses a nivel mundial, el D\u00eda Internacional de la Cerveza.<\/p>\n<p>Es una de las bebidas alcoh\u00f3licas m\u00e1s consumidas y valoradas del mundo.<\/p>\n<p>Cada pa\u00eds, y hasta comunidad, tiene su propia cerveza, como ocurre en el Per\u00fa.<\/p>\n<p>Este viernes 5 de agosto, en la mayor\u00eda de pa\u00edses a nivel mundial, se celebra el D\u00eda Internacional de la Cerveza.<\/p>\n<p>Puedes aprovechar para compartir un momento ameno con tus amigos, y leer esta nota mientras brindas.<\/p>\n<p>Conoce sobre su origen, proclamaci\u00f3n, y dem\u00e1s.<\/p>\n<p>ORIGEN: PORQU\u00c9 SE CELEBRA EL PRIMER VIERNES DE AGOSTO<\/p>\n<p>Esta efem\u00e9rides se celebra en 50 pa\u00edses, 207 ciudades y 6 continentes.<\/p>\n<h4>Es un acontecimiento mundial.<\/h4>\n<p>La cerveza es una bebida milenaria, y en el 2007 se convirti\u00f3 en tradici\u00f3n.<\/p>\n<p>Un grupo de amigos, conformado por Jesse Avshalomov, Evan Hamilton, Aaron Araki y Richard Hern\u00e1ndez, propusieron una idea mientras disfrutaban de una reuni\u00f3n.<\/p>\n<p>La intenci\u00f3n surgi\u00f3 para honrar a la bebida que tanto les gustaba.<\/p>\n<p>Ademas que sin saber que captar\u00eda la atenci\u00f3n de la mayor\u00eda de pa\u00edses a nivel mundial.<\/p>\n<p>Esa noche de agosto de 2007, en un bar ubicado en Santa Cruz, California (Estados Unidos), empezaron a popularizar.<\/p>\n<p>Y con esto a\u00a0difundir la idea de que la cerveza tenga su d\u00eda internacional.<\/p>\n<p>Para conmemorar el mes en el que se reunieron, se consider\u00f3 que se escoja un d\u00eda de fin de semana.<\/p>\n<p>Por ese motivo qued\u00f3 instaurado el primer viernes de agosto como el d\u00eda para celebrar lo que representa la cerveza a nivel mundial.<\/p>\n<p>En el 2008, y gracias a la difusi\u00f3n de la idea, el D\u00eda Internacional de la Cerveza fue una realidad.<\/p>\n<p>Avshalomov fue entrevistado por la Radio P\u00fablica Nacional de Estados Unidos (National Public Radio).<\/p>\n<p>Finalmente, cont\u00f3 c\u00f3mo lograron instaurar esta festividad en el calendario de d\u00edas importantes a nivel mundial.<\/p>\n<p>\u201cUna forma que explica c\u00f3mo creci\u00f3 la idea fue el acercamiento con los bares\u201d.<\/p>\n<p>Yo preguntaba \u201cqu\u00e9 har\u00e1n por el D\u00eda Internacional de la Cerveza?\u201d.<\/p>\n<p>\u201cEllos me miraban con asombro sin saber a qu\u00e9 me refer\u00eda\u201d, cont\u00f3 en el di\u00e1logo de aquel entonces.<\/p>\n<p>Gracias al inter\u00e9s de los bares y restaurantes, poco a poco la festividad fue cobrando importancia alrededor de varias comunidades estadounidenses.<\/p>\n<p>Con el transcurrir de los meses venideros, el d\u00eda internacional tom\u00f3 forma y fue adoptado por las empresas cerveceras de diferentes pa\u00edses.<\/p>\n<h4>FECHA DE CELEBRACI\u00d3N<\/h4>\n<p>El D\u00eda Internacional de la Cerveza fue cambiando de fecha en sus inicios.<\/p>\n<p>En principio, se defini\u00f3 que se celebre cada 5 de agosto porque en el hist\u00f3rico momento de 2007.<\/p>\n<p>La fecha cay\u00f3 un d\u00eda de fin de semana, pero en el 2012 se decidi\u00f3 el cambio.<\/p>\n<p>Sin mencionar el d\u00eda debido a que no todos los 5 de agosto caen viernes, s\u00e1bado o domingo.<\/p>\n<p>Es as\u00ed, que el d\u00eda internacional queda proclamado para el primer viernes de agosto como fecha de celebraci\u00f3n. Para este 2022 cae el 5 de agosto.<\/p>\n<h4>OKTOBERFEST: TRADICI\u00d3N ALEMANA<\/h4>\n<p>El Oktoberfest es la fiesta cervercera m\u00e1s popular y grande de Alemania, y una de las m\u00e1s importantes del mundo.<\/p>\n<p>Se celebra anualmente y durante 2 semanas en la ciudad de Munich, Alemania. Recibe la visita promedio de 6 millones de turistas.<\/p>\n<p>Este a\u00f1o, el evento se celebrar\u00e1 del 17 de setiembre al 3 de octubre.<\/p>\n<p>Y en Per\u00fa ocurrir\u00e1 lo mismo en el vig\u00e9simo Oktoberfest Per\u00fa 2022.<\/p>\n<p>Se realizar\u00e1 entre el 27 y el 31 de octubre, y las entradas ya est\u00e1n a la venta en Teleticket.<\/p>\n","protected":false},"excerpt":{"rendered":"<p>Es una de las bebidas fermentadas con mayor antig\u00fcedad, y aqu\u00ed te contaremos c\u00f3mo surgi\u00f3 la idea de proclamar su d\u00eda internacional. D\u00eda Internacional de la Cerveza: Este primer viernes de agosto se celebra, en la mayor\u00eda de pa\u00edses a nivel mundial, el D\u00eda Internacional de la Cerveza. Es una de las bebidas alcoh\u00f3licas m\u00e1s [&hellip;]<\/p>\n","protected":false},"author":1,"featured_media":8032,"comment_status":"open","ping_status":"closed","sticky":false,"template":"","format":"standard","meta":{"footnotes":""},"categories":[2,5,7],"tags":[],"class_list":["post-8030","post","type-post","status-publish","format-standard","has-post-thumbnail","hentry","category-cultural","category-internacional","category-nacional"],"_links":{"self":[{"href":"https:\/\/podernacional.com\/index.php?rest_route=\/wp\/v2\/posts\/8030","targetHints":{"allow":["GET"]}}],"collection":[{"href":"https:\/\/podernacional.com\/index.php?rest_route=\/wp\/v2\/posts"}],"about":[{"href":"https:\/\/podernacional.com\/index.php?rest_route=\/wp\/v2\/types\/post"}],"author":[{"embeddable":true,"href":"https:\/\/podernacional.com\/index.php?rest_route=\/wp\/v2\/users\/1"}],"replies":[{"embeddable":true,"href":"https:\/\/podernacional.com\/index.php?rest_route=%2Fwp%2Fv2%2Fcomments&post=8030"}],"version-history":[{"count":1,"href":"https:\/\/podernacional.com\/index.php?rest_route=\/wp\/v2\/posts\/8030\/revisions"}],"predecessor-version":[{"id":8031,"href":"https:\/\/podernacional.com\/index.php?rest_route=\/wp\/v2\/posts\/8030\/revisions\/8031"}],"wp:featuredmedia":[{"embeddable":true,"href":"https:\/\/podernacional.com\/index.php?rest_route=\/wp\/v2\/media\/8032"}],"wp:attachment":[{"href":"https:\/\/podernacional.com\/index.php?rest_route=%2Fwp%2Fv2%2Fmedia&parent=8030"}],"wp:term":[{"taxonomy":"category","embeddable":true,"href":"https:\/\/podernacional.com\/index.php?rest_route=%2Fwp%2Fv2%2Fcategories&post=8030"},{"taxonomy":"post_tag","embeddable":true,"href":"https:\/\/podernacional.com\/index.php?rest_route=%2Fwp%2Fv2%2Ftags&post=8030"}],"curies":[{"name":"wp","href":"https:\/\/api.w.org\/{rel}","templated":true}]}}