{"id":8033,"date":"2022-08-03T20:11:10","date_gmt":"2022-08-04T01:11:10","guid":{"rendered":"https:\/\/podernacional.com\/?p=8033"},"modified":"2022-08-04T01:11:12","modified_gmt":"2022-08-04T01:11:12","slug":"instan-a-conductores-a-usar-vias-alternas-por-obras-en-cancun","status":"publish","type":"post","link":"https:\/\/podernacional.com\/?p=8033","title":{"rendered":"Instan a conductores a usar v\u00edas alternas por obras en Canc\u00fan"},"content":{"rendered":"<h4>Hay cuatro rutas habilitadas para redirigir el tr\u00e1nsito en la entrada de la ciudad<\/h4>\n<p>V\u00edas alternas: Ante las quejas de los conductores por la lentitud del tr\u00e1fico en la zona y los tiempos para llegar al <a href=\"https:\/\/es.cancun-airport.net\/\">Aeropuerto Internacional de Canc\u00fan.<\/a><\/p>\n<p>Tanto desde Canc\u00fan como de la Riviera Maya, el Ayuntamiento de Benito Ju\u00e1rez recomienda optar por las cuatro v\u00edas alternas.<\/p>\n<p>As\u00ed como de\u00a0cinco calles secundarias de conexi\u00f3n m\u00e1s una auxiliar que pueden ayudar a trasladar a la ciudadan\u00eda.<\/p>\n<p>Mencionan que es en lo que se rehabilita por completo el bulevar Luis Donaldo Colosio.<\/p>\n<p>Las cuatro v\u00edas alternas que pueden ocuparse son: carretera 180 M\u00e9rida-Canc\u00fan, avenida 135, avenida Jos\u00e9 L\u00f3pez Portillo y avenida Huayac\u00e1n.<\/p>\n<p>Las cinco calles secundarias de conexi\u00f3n entre el bulevar y la avenida Huayac\u00e1n que est\u00e1n disponibles son:<\/p>\n<p>\u00c1lamos, Sierra Madre, Nazaret, avenida Colegios y calle Chapultepec con Rogelio Castorena, adem\u00e1s de la avenida Los Olivos.<\/p>\n<p>Ademas\u00a0que funge como auxiliar a la avenida Nazaret.<\/p>\n<p>Desde el 1 de agosto, cuando iniciaron las obras, las quejas de los conductores son constantes.<\/p>\n<p>En horas pico el tr\u00e1fico en el sentido Playa del Carmen-Canc\u00fan ha llegado hasta Bah\u00eda Petempich.<\/p>\n<p>Tambi\u00e9n han estado a punto de producirse accidentes por la desesperaci\u00f3n de muchos automovilistas, como pudo verificarse en un recorrido por el lugar.<\/p>\n<p>Est\u00e1 previsto que las obras duren m\u00e1s de un a\u00f1o y ser\u00e1n reparados 13.5 kil\u00f3metros del bulevar.<\/p>\n<p>Ademas con una inversi\u00f3n de mil 84.6 millones de pesos.<\/p>\n<h4>Las autoridades recuerdan que para el avance de los trabajos en el primer tramo de 1.3 kil\u00f3metros de sur a norte.<\/h4>\n<p>Desde Plaza Luxury hasta la Universidad La Salle, de 00:00 a 14 horas se mantendr\u00e1n dos carriles de ida en el sentido norte a sur.<\/p>\n<p>Mencionan que es desde Canc\u00fan-Playa del Carmen y un carril de regreso.<\/p>\n<p>Mientras que en el turno de 14 a 00:00 horas.<\/p>\n<p>Con esto se habilitar\u00e1n dos carriles de sur a norte (Playa del Carmen-Canc\u00fan) y uno de ida (Canc\u00fan-Playa del Carmen).<\/p>\n<p>Las restricciones en el bulevar Colosio son de dos tipos: ascenso y descenso de transporte p\u00fablico en el tramo de la reparaci\u00f3n.<\/p>\n<p>Por otra,\u00a0la circulaci\u00f3n de d\u00eda a las unidades de mayor volumen como trailers con o sin caja, volquetes y camiones.<\/p>\n<p>Ya que \u00fanicamente podr\u00e1n circular por ah\u00ed de 22 a 05 horas.<\/p>\n<p>Ademas que deber\u00e1n ingresar preferentemente por la carretera 180 M\u00e9rida-Canc\u00fan hacia la avenida Jos\u00e9 L\u00f3pez Portillo.<\/p>\n","protected":false},"excerpt":{"rendered":"<p>Hay cuatro rutas habilitadas para redirigir el tr\u00e1nsito en la entrada de la ciudad V\u00edas alternas: Ante las quejas de los conductores por la lentitud del tr\u00e1fico en la zona y los tiempos para llegar al Aeropuerto Internacional de Canc\u00fan. Tanto desde Canc\u00fan como de la Riviera Maya, el Ayuntamiento de Benito Ju\u00e1rez recomienda optar [&hellip;]<\/p>\n","protected":false},"author":1,"featured_media":8035,"comment_status":"open","ping_status":"closed","sticky":false,"template":"","format":"standard","meta":{"footnotes":""},"categories":[6,10],"tags":[],"class_list":["post-8033","post","type-post","status-publish","format-standard","has-post-thumbnail","hentry","category-local","category-quintana-roo"],"_links":{"self":[{"href":"https:\/\/podernacional.com\/index.php?rest_route=\/wp\/v2\/posts\/8033","targetHints":{"allow":["GET"]}}],"collection":[{"href":"https:\/\/podernacional.com\/index.php?rest_route=\/wp\/v2\/posts"}],"about":[{"href":"https:\/\/podernacional.com\/index.php?rest_route=\/wp\/v2\/types\/post"}],"author":[{"embeddable":true,"href":"https:\/\/podernacional.com\/index.php?rest_route=\/wp\/v2\/users\/1"}],"replies":[{"embeddable":true,"href":"https:\/\/podernacional.com\/index.php?rest_route=%2Fwp%2Fv2%2Fcomments&post=8033"}],"version-history":[{"count":1,"href":"https:\/\/podernacional.com\/index.php?rest_route=\/wp\/v2\/posts\/8033\/revisions"}],"predecessor-version":[{"id":8034,"href":"https:\/\/podernacional.com\/index.php?rest_route=\/wp\/v2\/posts\/8033\/revisions\/8034"}],"wp:featuredmedia":[{"embeddable":true,"href":"https:\/\/podernacional.com\/index.php?rest_route=\/wp\/v2\/media\/8035"}],"wp:attachment":[{"href":"https:\/\/podernacional.com\/index.php?rest_route=%2Fwp%2Fv2%2Fmedia&parent=8033"}],"wp:term":[{"taxonomy":"category","embeddable":true,"href":"https:\/\/podernacional.com\/index.php?rest_route=%2Fwp%2Fv2%2Fcategories&post=8033"},{"taxonomy":"post_tag","embeddable":true,"href":"https:\/\/podernacional.com\/index.php?rest_route=%2Fwp%2Fv2%2Ftags&post=8033"}],"curies":[{"name":"wp","href":"https:\/\/api.w.org\/{rel}","templated":true}]}}