{"id":8036,"date":"2022-08-03T20:16:16","date_gmt":"2022-08-04T01:16:16","guid":{"rendered":"https:\/\/podernacional.com\/?p=8036"},"modified":"2022-08-04T01:16:18","modified_gmt":"2022-08-04T01:16:18","slug":"lleva-gobierno-de-zacatecas-platica-sobre-resiliencia-a-mujeres-del-cerereso","status":"publish","type":"post","link":"https:\/\/podernacional.com\/?p=8036","title":{"rendered":"Lleva Gobierno de Zacatecas pl\u00e1tica sobre Resiliencia a mujeres del Cerereso"},"content":{"rendered":"<h4>Favorecer el desarrollo personal y conseguir una reinserci\u00f3n exitosa, el objetivo.<\/h4>\n<p>Resiliencia: Las capacitaciones sobre desarrollo humano, control de emociones, planeaci\u00f3n personal y de proyecto de vida.<\/p>\n<p>Mencionan que est\u00e1n enfocadas en el bienestar de todas quienes se encuentran en esta situaci\u00f3n<\/p>\n<p>Zacatecas, Zac., 3 de agosto de 2022.- Con la finalidad de impulsar la reinserci\u00f3n social de las mujeres Privadas de su Libertad (PPL).<\/p>\n<p>Hac\u00eda el Centro Regional de Reinserci\u00f3n Social (CERERESO) de Cieneguillas.<\/p>\n<p>Con esto\u00a0el Gobierno de Zacatecas llev\u00f3 hasta ese lugar la ponencia denominada \u201cDesarrollando en m\u00ed la resiliencia\u201d.<\/p>\n<p>Durante la visita que realiz\u00f3 a este lugar la Secretaria de las Mujeres, Zaira Ivonne Villagrana Escare\u00f1o.<\/p>\n<p>Mencion\u00f3 que, gracias a la colaboraci\u00f3n con la Secretar\u00eda de Seguridad P\u00fablica (SSP).<\/p>\n<p>Se ha logrado un acercamiento que ayuda a fomentar el liderazgo femenino para lo alcanzar el reconocimiento.<\/p>\n<p>As\u00ed como del ejercicio efectivo de los derechos de las mujeres.<\/p>\n<p>Destac\u00f3 que estas capacitaciones sobre desarrollo humano, control de emociones, de planeaci\u00f3n personal.<\/p>\n<p>Ademas\u00a0del\u00a0proyecto de vida est\u00e1n enfocadas en el bienestar de todas las mujeres que se encuentran en esta situaci\u00f3n.<\/p>\n<p>La actividad estuvo a cargo de Mirna Ordaz Alarc\u00f3n, quien logr\u00f3 que las PPL participaran con el tema de resiliencia.<\/p>\n<p>Mencionan ademas que es para compartir sus experiencias y las emociones que han trabajado para favorecer el desarrollo personal y conseguir una reinserci\u00f3n exitosa.<\/p>\n<p>Por su parte, Rosa Martha V\u00e1zquez F\u00e9lix, directora del CERERESO Femenil, agradeci\u00f3 a la Secretar\u00eda de las Mujeres (Semujer).<\/p>\n<p>Con esto que est\u00e9 presente en este centro penitenciario, con un programa de capacitaciones para todo el a\u00f1o.<\/p>\n<p>En este evento estuvieron presentes tambi\u00e9n: Martha Patricia Ledezma Arriaga, directora de Prevenci\u00f3n y Reinserci\u00f3n Social.<\/p>\n<p>Karla Isabel Guardado Oropeza, subsecretaria de los Derechos de las Mujeres de la Semujer,<\/p>\n<p>Karen Monserrath Esparza Casta\u00f1eda, directora de Capacitaci\u00f3n e Investigaci\u00f3n de la Semujer.<\/p>\n<p>&nbsp;<\/p>\n<p>&nbsp;<\/p>\n","protected":false},"excerpt":{"rendered":"<p>Favorecer el desarrollo personal y conseguir una reinserci\u00f3n exitosa, el objetivo. Resiliencia: Las capacitaciones sobre desarrollo humano, control de emociones, planeaci\u00f3n personal y de proyecto de vida. Mencionan que est\u00e1n enfocadas en el bienestar de todas quienes se encuentran en esta situaci\u00f3n Zacatecas, Zac., 3 de agosto de 2022.- Con la finalidad de impulsar la [&hellip;]<\/p>\n","protected":false},"author":1,"featured_media":8038,"comment_status":"open","ping_status":"closed","sticky":false,"template":"","format":"standard","meta":{"footnotes":""},"categories":[7,9],"tags":[],"class_list":["post-8036","post","type-post","status-publish","format-standard","has-post-thumbnail","hentry","category-nacional","category-politica"],"_links":{"self":[{"href":"https:\/\/podernacional.com\/index.php?rest_route=\/wp\/v2\/posts\/8036","targetHints":{"allow":["GET"]}}],"collection":[{"href":"https:\/\/podernacional.com\/index.php?rest_route=\/wp\/v2\/posts"}],"about":[{"href":"https:\/\/podernacional.com\/index.php?rest_route=\/wp\/v2\/types\/post"}],"author":[{"embeddable":true,"href":"https:\/\/podernacional.com\/index.php?rest_route=\/wp\/v2\/users\/1"}],"replies":[{"embeddable":true,"href":"https:\/\/podernacional.com\/index.php?rest_route=%2Fwp%2Fv2%2Fcomments&post=8036"}],"version-history":[{"count":1,"href":"https:\/\/podernacional.com\/index.php?rest_route=\/wp\/v2\/posts\/8036\/revisions"}],"predecessor-version":[{"id":8037,"href":"https:\/\/podernacional.com\/index.php?rest_route=\/wp\/v2\/posts\/8036\/revisions\/8037"}],"wp:featuredmedia":[{"embeddable":true,"href":"https:\/\/podernacional.com\/index.php?rest_route=\/wp\/v2\/media\/8038"}],"wp:attachment":[{"href":"https:\/\/podernacional.com\/index.php?rest_route=%2Fwp%2Fv2%2Fmedia&parent=8036"}],"wp:term":[{"taxonomy":"category","embeddable":true,"href":"https:\/\/podernacional.com\/index.php?rest_route=%2Fwp%2Fv2%2Fcategories&post=8036"},{"taxonomy":"post_tag","embeddable":true,"href":"https:\/\/podernacional.com\/index.php?rest_route=%2Fwp%2Fv2%2Ftags&post=8036"}],"curies":[{"name":"wp","href":"https:\/\/api.w.org\/{rel}","templated":true}]}}