{"id":8045,"date":"2022-08-03T21:03:20","date_gmt":"2022-08-04T02:03:20","guid":{"rendered":"https:\/\/podernacional.com\/?p=8045"},"modified":"2022-08-04T02:03:21","modified_gmt":"2022-08-04T02:03:21","slug":"fortalece-gobernador-david-monreal-la-atencion-a-la-salud-de-monte-escobedo-entrega-vehiculo-para-brigadas-medicas","status":"publish","type":"post","link":"https:\/\/podernacional.com\/?p=8045","title":{"rendered":"Fortalece Gobernador David Monreal la atenci\u00f3n a la salud de Monte Escobedo; entrega veh\u00edculo para brigadas m\u00e9dicas"},"content":{"rendered":"<h4>Adem\u00e1s, encomend\u00f3 al Secretario de Salud, Uswaldo Pinedo, que comience con la reparaci\u00f3n de 18 cl\u00ednicas y casas de salud en el estado<\/h4>\n<p>Fortalece Gobernador\u00a0 a Monte Escobedo, Zac., Agosto de 2022.- Para reforzar los servicios de salud de los pobladores de Monte Escobedo.<\/p>\n<p>El Gobernador David Monreal \u00c1vila entreg\u00f3 al municipio un veh\u00edculo para brigadas m\u00e9dicas tipo 0, en beneficio de cientos de montescobedenses.<\/p>\n<p>Al reunirse con las y los beneficiarios, el mandatario, acompa\u00f1ado del Presidente Municipal.<\/p>\n<p>Manuel Acosta Galv\u00e1n, les asegur\u00f3 que mejorar los servicios de salud es una de sus prioridades.<\/p>\n<p>Toda vez que la infraestructura m\u00e9dica ha estado abandonada por a\u00f1os.<\/p>\n<p>Por lo que ha llevado a las casas de salud y el parque vehicular a condiciones de deterioro.<\/p>\n<p>En ese sentido, el Gobernador dijo que continuar\u00e1 con la entrega de unidades m\u00e9dicas en el estado.<\/p>\n<p>Mencionan que\u00a0tal como lo hizo ayer en Tepechitl\u00e1n y hoy en Monte Escobedo.<\/p>\n<p>Asimismo, encomend\u00f3 al Secretario de Salud, Uswaldo Pinedo Barrios.<\/p>\n<p>A que comience con la reparaci\u00f3n de 18 cl\u00ednicas y casas de salud en los distintos municipios.<\/p>\n<p>Monreal \u00c1vila aprovech\u00f3 para presentar a la poblaci\u00f3n al titular de la Secretar\u00eda de Salud de Zacatecas (SaSZ) a fin que lo ubiquen.<\/p>\n<p>Con esto que\u00a0durante los recorridos que el funcionario realiza por todo el estado.<\/p>\n<p>Ademas de que puedan acercarse a \u00e9l para plantearle sus demandas m\u00e1s sentidas y, en consecuencia, sean atendidas.<\/p>\n<p>En conclusi\u00f3n Fortalece Gobernador <a href=\"https:\/\/twitter.com\/DavidMonrealA\">David Monreal<\/a> ayuda con la atenci\u00f3n a la salud de Monte Escobedo; entrega veh\u00edculo para brigadas m\u00e9dicas<\/p>\n<p>&nbsp;<\/p>\n","protected":false},"excerpt":{"rendered":"<p>Adem\u00e1s, encomend\u00f3 al Secretario de Salud, Uswaldo Pinedo, que comience con la reparaci\u00f3n de 18 cl\u00ednicas y casas de salud en el estado Fortalece Gobernador\u00a0 a Monte Escobedo, Zac., Agosto de 2022.- Para reforzar los servicios de salud de los pobladores de Monte Escobedo. El Gobernador David Monreal \u00c1vila entreg\u00f3 al municipio un veh\u00edculo para [&hellip;]<\/p>\n","protected":false},"author":1,"featured_media":8047,"comment_status":"open","ping_status":"closed","sticky":false,"template":"","format":"standard","meta":{"footnotes":""},"categories":[7,11],"tags":[],"class_list":["post-8045","post","type-post","status-publish","format-standard","has-post-thumbnail","hentry","category-nacional","category-salud"],"_links":{"self":[{"href":"https:\/\/podernacional.com\/index.php?rest_route=\/wp\/v2\/posts\/8045","targetHints":{"allow":["GET"]}}],"collection":[{"href":"https:\/\/podernacional.com\/index.php?rest_route=\/wp\/v2\/posts"}],"about":[{"href":"https:\/\/podernacional.com\/index.php?rest_route=\/wp\/v2\/types\/post"}],"author":[{"embeddable":true,"href":"https:\/\/podernacional.com\/index.php?rest_route=\/wp\/v2\/users\/1"}],"replies":[{"embeddable":true,"href":"https:\/\/podernacional.com\/index.php?rest_route=%2Fwp%2Fv2%2Fcomments&post=8045"}],"version-history":[{"count":1,"href":"https:\/\/podernacional.com\/index.php?rest_route=\/wp\/v2\/posts\/8045\/revisions"}],"predecessor-version":[{"id":8046,"href":"https:\/\/podernacional.com\/index.php?rest_route=\/wp\/v2\/posts\/8045\/revisions\/8046"}],"wp:featuredmedia":[{"embeddable":true,"href":"https:\/\/podernacional.com\/index.php?rest_route=\/wp\/v2\/media\/8047"}],"wp:attachment":[{"href":"https:\/\/podernacional.com\/index.php?rest_route=%2Fwp%2Fv2%2Fmedia&parent=8045"}],"wp:term":[{"taxonomy":"category","embeddable":true,"href":"https:\/\/podernacional.com\/index.php?rest_route=%2Fwp%2Fv2%2Fcategories&post=8045"},{"taxonomy":"post_tag","embeddable":true,"href":"https:\/\/podernacional.com\/index.php?rest_route=%2Fwp%2Fv2%2Ftags&post=8045"}],"curies":[{"name":"wp","href":"https:\/\/api.w.org\/{rel}","templated":true}]}}