{"id":8048,"date":"2022-08-03T21:08:58","date_gmt":"2022-08-04T02:08:58","guid":{"rendered":"https:\/\/podernacional.com\/?p=8048"},"modified":"2022-08-04T02:08:59","modified_gmt":"2022-08-04T02:08:59","slug":"anuncian-el-centro-de-innovacion-y-tecnologia-mas-importante-de-latinoamerica","status":"publish","type":"post","link":"https:\/\/podernacional.com\/?p=8048","title":{"rendered":"Anuncian el Centro de Innovaci\u00f3n y Tecnolog\u00eda m\u00e1s importante de Latinoam\u00e9rica"},"content":{"rendered":"<h4>El presidente municipal de Quer\u00e9taro, Luis Nava, anunci\u00f3 la creaci\u00f3n del &#8216;BLOQUE&#8217;, un espacio p\u00fablico que facilitar\u00e1 el acceso de ciudadanos a las nuevas tecnolog\u00edas.<\/h4>\n<p>Centro de Innovaci\u00f3n y Tecnolog\u00eda: En el marco de la inauguraci\u00f3n del Congreso Internacional Queretaverso y ante la presencia del Gobernador del Estado.<\/p>\n<p>Mauricio Kuri, el Presidente Municipal de Quer\u00e9taro, Luis Nava, anunci\u00f3 la creaci\u00f3n del Centro de Innovaci\u00f3n y Tecnolog\u00eda Creativa \u00abBLOQUE\u00bb.<\/p>\n<p>El cual es un espacio p\u00fablico que facilitar\u00e1 el acceso de las y los ciudadanos a las nuevas tecnolog\u00edas.<\/p>\n<p>Ademas que representa el cumplimiento de un compromiso asumido con las y los queretanos.<\/p>\n<p>\u00abDe esta manera, con visi\u00f3n, vinculaci\u00f3n y mediante una estructura p\u00fablica sin precedente, moderna, accesible, facilitaremos un ecosistema colaborativo\u201d.<\/p>\n<p>\u201cAdemas de un hecho por todos y para todos\u201d.<\/p>\n<p>\u201cUn ecosistema digital y productivo que conectar\u00e1 el talento queretano con uno de los mercados emergentes m\u00e1s importantes del mundo\u00bb se\u00f1al\u00f3.<\/p>\n<p>Luis Nava detall\u00f3 que el \u00abBLOQUE\u00bb ser\u00e1 un espacio incluyente, que combatir\u00e1 la brecha digital.<\/p>\n<p>Con esto, propiciar\u00e1 el desarrollo tecnol\u00f3gico de la industria creativa digital, con lo que se atraer\u00e1 inversi\u00f3n, competencia.<\/p>\n<h4>As\u00ed como de nuevas oportunidades y un mejor futuro para la ciudad que queremos.<\/h4>\n<p>El Alcalde coment\u00f3 que la viabilidad y oportunidad de este centro se sustenta en diversos estudios de instituciones.<\/p>\n<p>Como el Instituto del Futuro del Tec de Monterrey, la Universidad Aut\u00f3noma de Quer\u00e9taro y la Universidad Aut\u00f3noma de M\u00e9xico.<\/p>\n<p>Mencionan que responde a las cuatro \u00abE'\u00bb: Educaci\u00f3n, Emprendimiento, Empleo y Entretenimiento.<\/p>\n<p>Instalan grupos de trabajo rumbo a una Ley de Ciencia y Tecnolog\u00eda<\/p>\n<p>Por \u00faltimo, Luis Nava coment\u00f3 que este es el momento de la industria de las tecnolog\u00edas inmersivas en el que debemos participar.<\/p>\n<p>As\u00ed como de posicionarnos \u00a0como uno de los hubs m\u00e1s \u00a0importantes en Am\u00e9rica Latina.<\/p>\n<p>\u00abCon Queretaverso asumimos el reto que nos puso nuestro Gobernador, e iniciamos, el camino de nuestra ciudad hacia un nuevo nivel\u201d.<\/p>\n<p>\u201cPor medio de estar atrevi\u00e9ndonos, anticip\u00e1ndonos, innovando, seguros de lo que podemos, seguros de que el futuro lo construimos nosotros\u201d<\/p>\n<p>\u201cDe que el futuro nos pertenece\u00bb, concluy\u00f3.<\/p>\n<h4>Mario Valle Reyes, fundador de Altered Ventures y co-organizador del Queretaverso.<\/h4>\n<p>Anunci\u00f3 que al conocer el potencial econ\u00f3mico, educativo y creativo de Quer\u00e9taro.<\/p>\n<p>Realizar\u00e1 una inversi\u00f3n para promover y aprovechar el talento queretano y de la que pronto se sabr\u00e1n m\u00e1s detalles.<\/p>\n<p>El Queretaverso se llevar\u00e1 a cabo del 3 al 5 de agosto en el Centro de Congreso de Quer\u00e9taro.<\/p>\n<p>Los asistentes podr\u00e1n disfrutar de conferencias magistrales con ponentes internacionales, torneo de e-sports.<\/p>\n<p>Ademas de las m\u00e1s de 29 estaciones de VR para jugar, piso de exhibici\u00f3n, incubadora de negocios y \u00e1rea de Meet The Investors.<\/p>\n","protected":false},"excerpt":{"rendered":"<p>El presidente municipal de Quer\u00e9taro, Luis Nava, anunci\u00f3 la creaci\u00f3n del &#8216;BLOQUE&#8217;, un espacio p\u00fablico que facilitar\u00e1 el acceso de ciudadanos a las nuevas tecnolog\u00edas. Centro de Innovaci\u00f3n y Tecnolog\u00eda: En el marco de la inauguraci\u00f3n del Congreso Internacional Queretaverso y ante la presencia del Gobernador del Estado. Mauricio Kuri, el Presidente Municipal de Quer\u00e9taro, [&hellip;]<\/p>\n","protected":false},"author":1,"featured_media":8050,"comment_status":"open","ping_status":"closed","sticky":false,"template":"","format":"standard","meta":{"footnotes":""},"categories":[7,13],"tags":[],"class_list":["post-8048","post","type-post","status-publish","format-standard","has-post-thumbnail","hentry","category-nacional","category-tecnologia"],"_links":{"self":[{"href":"https:\/\/podernacional.com\/index.php?rest_route=\/wp\/v2\/posts\/8048","targetHints":{"allow":["GET"]}}],"collection":[{"href":"https:\/\/podernacional.com\/index.php?rest_route=\/wp\/v2\/posts"}],"about":[{"href":"https:\/\/podernacional.com\/index.php?rest_route=\/wp\/v2\/types\/post"}],"author":[{"embeddable":true,"href":"https:\/\/podernacional.com\/index.php?rest_route=\/wp\/v2\/users\/1"}],"replies":[{"embeddable":true,"href":"https:\/\/podernacional.com\/index.php?rest_route=%2Fwp%2Fv2%2Fcomments&post=8048"}],"version-history":[{"count":1,"href":"https:\/\/podernacional.com\/index.php?rest_route=\/wp\/v2\/posts\/8048\/revisions"}],"predecessor-version":[{"id":8049,"href":"https:\/\/podernacional.com\/index.php?rest_route=\/wp\/v2\/posts\/8048\/revisions\/8049"}],"wp:featuredmedia":[{"embeddable":true,"href":"https:\/\/podernacional.com\/index.php?rest_route=\/wp\/v2\/media\/8050"}],"wp:attachment":[{"href":"https:\/\/podernacional.com\/index.php?rest_route=%2Fwp%2Fv2%2Fmedia&parent=8048"}],"wp:term":[{"taxonomy":"category","embeddable":true,"href":"https:\/\/podernacional.com\/index.php?rest_route=%2Fwp%2Fv2%2Fcategories&post=8048"},{"taxonomy":"post_tag","embeddable":true,"href":"https:\/\/podernacional.com\/index.php?rest_route=%2Fwp%2Fv2%2Ftags&post=8048"}],"curies":[{"name":"wp","href":"https:\/\/api.w.org\/{rel}","templated":true}]}}