{"id":8051,"date":"2022-08-04T19:23:36","date_gmt":"2022-08-05T00:23:36","guid":{"rendered":"https:\/\/podernacional.com\/?p=8051"},"modified":"2022-08-05T00:23:39","modified_gmt":"2022-08-05T00:23:39","slug":"el-festival-oktoberfest-finalmente-regresa","status":"publish","type":"post","link":"https:\/\/podernacional.com\/?p=8051","title":{"rendered":"El festival Oktoberfest finalmente regresa"},"content":{"rendered":"<h4>Visitantes levantan sus vasos de cerveza durante la inauguraci\u00f3n del 186to Oktoberfest, en M\u00fanich, Alemania<\/h4>\n<p>Oktoberfest: Visitantes levantan sus vasos de cerveza durante la inauguraci\u00f3n del 186to Oktoberfest, en M\u00fanich, Alemania, el 21 de septiembre de 2019.<\/p>\n<p>El famoso festival anual de la cerveza finalmente regresa este oto\u00f1o tras una pausa de dos a\u00f1os debido a la pandemia.<\/p>\n<p>El evento se llevar\u00e1 a cabo sin restricciones del 17 de septiembre al 3 de octubre, anunci\u00f3 su director el jueves 4 de agosto de 2022<\/p>\n<p>BERL\u00cdN \u2014 BERL\u00cdN (AP) \u2014 Oktoberfest, el famoso festival anual de la cerveza en Alemania.<\/p>\n<p>Ademas que finalmente regresar\u00e1 este oto\u00f1o boreal tras una pausa de dos a\u00f1os debido a la pandemia, dijo el jueves su director.<\/p>\n<p>\u201cEl Wiesn se llevar\u00e1 a cabo\u201d, declar\u00f3 Clemens Baumgaertner a periodistas en M\u00fanich.<\/p>\n<p>Por ende estar utilizando el coloquialismo b\u00e1varo de los lugare\u00f1os para el Oktoberfest.<\/p>\n<p>Con esto\u00a0se refiere al gran c\u00e9sped, o Wiese, donde se realiza la alegre celebraci\u00f3n.<\/p>\n<p>Dijo que el popular evento en M\u00fanich se realizar\u00e1 sin restricciones del 17 de septiembre al 3 de octubre, el d\u00eda nacional de Alemania.<\/p>\n<p>\u201cTendr\u00e1 lugar como lo conocemos de 2019, y no de otra manera\u201d, agreg\u00f3 Baumgaertner.<\/p>\n<h4>El Oktoberfest, que se celebr\u00f3 por primera vez en 1810 en honor al matrimonio del pr\u00edncipe heredero Luis de Baviera con la princesa Teresa.<\/h4>\n<p>Se ha cancelado decenas de veces durante sus m\u00e1s de 200 a\u00f1os debido a guerras y pandemias.<\/p>\n<p>En los a\u00f1os previos al brote de coronavirus, alrededor de 6 millones de juerguistas asist\u00edan anualmente al festival.<\/p>\n<p>Ademas, muchos de ellos vestidos con atuendos tradicionales b\u00e1varos: las mujeres con vestidos Dirndl, los hombres con Lederhosen o pantalones de cuero hasta la rodilla.<\/p>\n<p>Unas 487 cervecer\u00edas, restaurantes, parrillas de pescado y carne, vendedores de vino y otros estar\u00e1n presentes.<\/p>\n<p>Los horarios de apertura ser\u00e1n incluso m\u00e1s largos que en el pasado:<\/p>\n<p>las primeras carpas de cerveza abrir\u00e1n a las 9 de la ma\u00f1ana y cerrar\u00e1n a las 10:30 de la noche.<\/p>\n<p>Los \u00faltimos pedidos se tomar\u00e1n a las 9:30 de la noche.<\/p>\n<p>Una jarra de cerveza de un litro costar\u00e1 entre 12,60 y 13,80 euros (12,84 a 14,07 d\u00f3lares) este a\u00f1o.<\/p>\n<p>Lo que representa un aumento de alrededor del 15% en comparaci\u00f3n con 2019, seg\u00fan el cibersitio oficial del Oktoberfest.<\/p>\n<p>Tambi\u00e9n se vender\u00e1n platos t\u00edpicos b\u00e1varos, incluyendo especialidades como el \u201cplato de la matanza\u201d con morcilla de sangre e h\u00edgado y panceta de cerdo.<\/p>\n<p>Ademas de asado de cerdo con piel crujiente, alb\u00f3ndigas de pan y chucrut.<\/p>\n<p>Finalmente de conchas de buey asado o rag\u00fa de venado estofado con pasta spaetzle casera.<\/p>\n","protected":false},"excerpt":{"rendered":"<p>Visitantes levantan sus vasos de cerveza durante la inauguraci\u00f3n del 186to Oktoberfest, en M\u00fanich, Alemania Oktoberfest: Visitantes levantan sus vasos de cerveza durante la inauguraci\u00f3n del 186to Oktoberfest, en M\u00fanich, Alemania, el 21 de septiembre de 2019. El famoso festival anual de la cerveza finalmente regresa este oto\u00f1o tras una pausa de dos a\u00f1os debido [&hellip;]<\/p>\n","protected":false},"author":1,"featured_media":8053,"comment_status":"open","ping_status":"closed","sticky":false,"template":"","format":"standard","meta":{"footnotes":""},"categories":[2,5],"tags":[],"class_list":["post-8051","post","type-post","status-publish","format-standard","has-post-thumbnail","hentry","category-cultural","category-internacional"],"_links":{"self":[{"href":"https:\/\/podernacional.com\/index.php?rest_route=\/wp\/v2\/posts\/8051","targetHints":{"allow":["GET"]}}],"collection":[{"href":"https:\/\/podernacional.com\/index.php?rest_route=\/wp\/v2\/posts"}],"about":[{"href":"https:\/\/podernacional.com\/index.php?rest_route=\/wp\/v2\/types\/post"}],"author":[{"embeddable":true,"href":"https:\/\/podernacional.com\/index.php?rest_route=\/wp\/v2\/users\/1"}],"replies":[{"embeddable":true,"href":"https:\/\/podernacional.com\/index.php?rest_route=%2Fwp%2Fv2%2Fcomments&post=8051"}],"version-history":[{"count":1,"href":"https:\/\/podernacional.com\/index.php?rest_route=\/wp\/v2\/posts\/8051\/revisions"}],"predecessor-version":[{"id":8052,"href":"https:\/\/podernacional.com\/index.php?rest_route=\/wp\/v2\/posts\/8051\/revisions\/8052"}],"wp:featuredmedia":[{"embeddable":true,"href":"https:\/\/podernacional.com\/index.php?rest_route=\/wp\/v2\/media\/8053"}],"wp:attachment":[{"href":"https:\/\/podernacional.com\/index.php?rest_route=%2Fwp%2Fv2%2Fmedia&parent=8051"}],"wp:term":[{"taxonomy":"category","embeddable":true,"href":"https:\/\/podernacional.com\/index.php?rest_route=%2Fwp%2Fv2%2Fcategories&post=8051"},{"taxonomy":"post_tag","embeddable":true,"href":"https:\/\/podernacional.com\/index.php?rest_route=%2Fwp%2Fv2%2Ftags&post=8051"}],"curies":[{"name":"wp","href":"https:\/\/api.w.org\/{rel}","templated":true}]}}