{"id":8054,"date":"2022-08-04T19:51:13","date_gmt":"2022-08-05T00:51:13","guid":{"rendered":"https:\/\/podernacional.com\/?p=8054"},"modified":"2022-08-05T00:51:15","modified_gmt":"2022-08-05T00:51:15","slug":"convocan-a-torneo-de-basquetbol-juvenil-u19","status":"publish","type":"post","link":"https:\/\/podernacional.com\/?p=8054","title":{"rendered":"Convocan a Torneo de Basquetbol Juvenil U19"},"content":{"rendered":"<h4>Coatzacoalcos, Ver.- La Liga Regional de Basquetbol Infantil y Juvenil de Coatzacoalcos.<\/h4>\n<p>Basquetbol Juvenil U19: El cual lanz\u00f3 la convocatoria para el 1er \u201cTorneo de Basquetbol Juvenil Mayor U19\u201d, torneo para la categor\u00eda U19 y menores.<\/p>\n<p>Ademas que se contempla arranque el venidero 13 de agosto, detall\u00f3 su presidente <a href=\"https:\/\/twitter.com\/miguelangelfdz\">Miguel \u00c1ngel Fern\u00e1ndez<\/a>.<\/p>\n<p>Qui\u00e9n inform\u00f3 que equipos locales y de Minatitl\u00e1n aseguraron su lugar en la temporada.<\/p>\n<p>Por ende mencionan que tendr\u00e1 como sedes a las canchas de la unidad deportiva \u00abLa Noria\u00bb y \u00abMargarita Maza de Ju\u00e1rez\u00bb.<\/p>\n<p>\u201cPor ah\u00ed ya tenemos un promedio de 10 equipos en lo que es la rama varonil y en la femenil tenemos entre 6 y 8 equipos\u201d.<\/p>\n<p>\u201cL\u00f3gicamente que faltan por venir otros de la regi\u00f3n, esperamos que lleguen m\u00e1s para que haya competencia\u201d.<\/p>\n<p>\u201cCon esto se considera que el nivel en esta categor\u00eda es muy fuerte, porque hay jugadores de 18 y 19 a\u00f1os\u201d dijo.<\/p>\n<p>Las quintetas deber\u00e1n contar con un m\u00ednimo de ocho y m\u00e1ximo de 12 jugadores.<\/p>\n<p>Mientras que el sistema de competencia ser\u00e1 a dos vueltas todos contra todos.<\/p>\n<p>Los interesados pueden solicitar informaci\u00f3n al tel\u00e9fono 921 140 9208.<\/p>\n<p>En conclusi\u00f3n, mencionan que se abrir\u00e1 una convocatoria a un torneo de Basquetbol Juvenil U19.<\/p>\n<p>El cual piensan arrancarlo el 13 de Agosto del presente a\u00f1o.<\/p>\n<p>Los cuales tanto equipos locales como equipos de Minatitl\u00e1n participaran en dicho encuentro deportivo.<\/p>\n","protected":false},"excerpt":{"rendered":"<p>Coatzacoalcos, Ver.- La Liga Regional de Basquetbol Infantil y Juvenil de Coatzacoalcos. Basquetbol Juvenil U19: El cual lanz\u00f3 la convocatoria para el 1er \u201cTorneo de Basquetbol Juvenil Mayor U19\u201d, torneo para la categor\u00eda U19 y menores. Ademas que se contempla arranque el venidero 13 de agosto, detall\u00f3 su presidente Miguel \u00c1ngel Fern\u00e1ndez. Qui\u00e9n inform\u00f3 que [&hellip;]<\/p>\n","protected":false},"author":1,"featured_media":8056,"comment_status":"open","ping_status":"closed","sticky":false,"template":"","format":"standard","meta":{"footnotes":""},"categories":[3,7],"tags":[],"class_list":["post-8054","post","type-post","status-publish","format-standard","has-post-thumbnail","hentry","category-deportes","category-nacional"],"_links":{"self":[{"href":"https:\/\/podernacional.com\/index.php?rest_route=\/wp\/v2\/posts\/8054","targetHints":{"allow":["GET"]}}],"collection":[{"href":"https:\/\/podernacional.com\/index.php?rest_route=\/wp\/v2\/posts"}],"about":[{"href":"https:\/\/podernacional.com\/index.php?rest_route=\/wp\/v2\/types\/post"}],"author":[{"embeddable":true,"href":"https:\/\/podernacional.com\/index.php?rest_route=\/wp\/v2\/users\/1"}],"replies":[{"embeddable":true,"href":"https:\/\/podernacional.com\/index.php?rest_route=%2Fwp%2Fv2%2Fcomments&post=8054"}],"version-history":[{"count":1,"href":"https:\/\/podernacional.com\/index.php?rest_route=\/wp\/v2\/posts\/8054\/revisions"}],"predecessor-version":[{"id":8055,"href":"https:\/\/podernacional.com\/index.php?rest_route=\/wp\/v2\/posts\/8054\/revisions\/8055"}],"wp:featuredmedia":[{"embeddable":true,"href":"https:\/\/podernacional.com\/index.php?rest_route=\/wp\/v2\/media\/8056"}],"wp:attachment":[{"href":"https:\/\/podernacional.com\/index.php?rest_route=%2Fwp%2Fv2%2Fmedia&parent=8054"}],"wp:term":[{"taxonomy":"category","embeddable":true,"href":"https:\/\/podernacional.com\/index.php?rest_route=%2Fwp%2Fv2%2Fcategories&post=8054"},{"taxonomy":"post_tag","embeddable":true,"href":"https:\/\/podernacional.com\/index.php?rest_route=%2Fwp%2Fv2%2Ftags&post=8054"}],"curies":[{"name":"wp","href":"https:\/\/api.w.org\/{rel}","templated":true}]}}