{"id":8063,"date":"2022-08-04T20:35:38","date_gmt":"2022-08-05T01:35:38","guid":{"rendered":"https:\/\/podernacional.com\/?p=8063"},"modified":"2022-08-05T01:35:40","modified_gmt":"2022-08-05T01:35:40","slug":"evento-de-trucks-style-zacatecas-2022-reunira-a-mas-de-500-vehiculos-modificados-provenientes-de-todo-el-pais","status":"publish","type":"post","link":"https:\/\/podernacional.com\/?p=8063","title":{"rendered":"Evento de Truck\u2019s Style Zacatecas 2022 reunir\u00e1 a m\u00e1s de 500 veh\u00edculos modificados provenientes de todo el pa\u00eds"},"content":{"rendered":"<h4>El s\u00e1bado 6 de agosto inician actividades con un desfile por el Centro Hist\u00f3rico de la capital, a las 14:00 horas<\/h4>\n<p>Truck\u2019s Style: Esta segunda edici\u00f3n espera reunir a m\u00e1s de 1 mil 500 participantes<\/p>\n<p>Zacatecas, Zac., Agosto de 2022.\u2013 M\u00e1s de 500 camionetas modificadas y de exhibici\u00f3n se reunir\u00e1n en Zacatecas.<\/p>\n<p>El cual ser\u00e1 este 6 y 7 de agosto, con motivo de la segunda edici\u00f3n Truck\u2019s Style Zacatecas 2022.<\/p>\n<p>Se espera la llegada de 1 mil 500 asistentes.<\/p>\n<p>En presencia de los medios de comunicaci\u00f3n, Le Roy Barrag\u00e1n Ocampo, Secretario de Turismo.<\/p>\n<p>Ademas que destac\u00f3 que el estado de Zacatecas recibe un evento m\u00e1s del segmento de exhibici\u00f3n de veh\u00edculos.<\/p>\n<p>Gracias a las facilidades que ofrece el Gobierno encabezado por el mandatario David Monreal \u00c1vila para su realizaci\u00f3n.<\/p>\n<p>Esta exhibici\u00f3n dar\u00e1 inicio con un desfile por las principales calles del Centro Hist\u00f3rico de la capital.<\/p>\n<p>El s\u00e1bado 6 de agosto, a partir de las 14:00 horas.<\/p>\n<h4>El cual es partiendo del Museo Interactivo de Ciencia ZigZag hasta llegar a Portal de Rosales.<\/h4>\n<p>Barrag\u00e1n Ocampo detall\u00f3 que, por segundo a\u00f1o consecutivo.<\/p>\n<p>Zacatecas recibir\u00e1 a expositores de camionetas modificadas que presentan ante la poblaci\u00f3n sus veh\u00edculos.<\/p>\n<p>De manera que la gente conozca m\u00e1s de este segmento de coleccionistas.<\/p>\n<p>Asimismo, el Secretario mencion\u00f3 que la primera edici\u00f3n se llev\u00f3 a cabo en el a\u00f1o 2021, en las instalaciones de la Megavelaria.<\/p>\n<p>Ademas con una exposici\u00f3n de 500 ejemplares que fueron del gusto de zacatecanos y turistas que acudieron a la entidad por parte de este evento.<\/p>\n<p>Por su parte, Eddy Rodarte Ruelas, integrante del comit\u00e9 organizador, detall\u00f3 que el costo de registro de camioneta para exhibici\u00f3n ser\u00e1 de 380 pesos.<\/p>\n<p>Ademas que incluye la entrada del chofer y del acompa\u00f1ante.<\/p>\n<p>El costo para el p\u00fablico en general ser\u00e1 de 50 pesos, y la entrada ser\u00e1 gratis para las ni\u00f1as y ni\u00f1os menores de 12 a\u00f1os.<\/p>\n<p>Jos\u00e9 \u00c1ngel Medina Garc\u00eda y Carlos Alejandro Inguanzo, ambos integrantes del comit\u00e9 organizador del evento de camionetas modificadas.<\/p>\n<p>Ademas de estar acompa\u00f1aron al Secretario de Turismo en esta conferencia de prensa.<\/p>\n<p>&nbsp;<\/p>\n<p>&nbsp;<\/p>\n","protected":false},"excerpt":{"rendered":"<p>El s\u00e1bado 6 de agosto inician actividades con un desfile por el Centro Hist\u00f3rico de la capital, a las 14:00 horas Truck\u2019s Style: Esta segunda edici\u00f3n espera reunir a m\u00e1s de 1 mil 500 participantes Zacatecas, Zac., Agosto de 2022.\u2013 M\u00e1s de 500 camionetas modificadas y de exhibici\u00f3n se reunir\u00e1n en Zacatecas. El cual ser\u00e1 [&hellip;]<\/p>\n","protected":false},"author":1,"featured_media":8065,"comment_status":"open","ping_status":"closed","sticky":false,"template":"","format":"standard","meta":{"footnotes":""},"categories":[2,7],"tags":[],"class_list":["post-8063","post","type-post","status-publish","format-standard","has-post-thumbnail","hentry","category-cultural","category-nacional"],"_links":{"self":[{"href":"https:\/\/podernacional.com\/index.php?rest_route=\/wp\/v2\/posts\/8063","targetHints":{"allow":["GET"]}}],"collection":[{"href":"https:\/\/podernacional.com\/index.php?rest_route=\/wp\/v2\/posts"}],"about":[{"href":"https:\/\/podernacional.com\/index.php?rest_route=\/wp\/v2\/types\/post"}],"author":[{"embeddable":true,"href":"https:\/\/podernacional.com\/index.php?rest_route=\/wp\/v2\/users\/1"}],"replies":[{"embeddable":true,"href":"https:\/\/podernacional.com\/index.php?rest_route=%2Fwp%2Fv2%2Fcomments&post=8063"}],"version-history":[{"count":1,"href":"https:\/\/podernacional.com\/index.php?rest_route=\/wp\/v2\/posts\/8063\/revisions"}],"predecessor-version":[{"id":8064,"href":"https:\/\/podernacional.com\/index.php?rest_route=\/wp\/v2\/posts\/8063\/revisions\/8064"}],"wp:featuredmedia":[{"embeddable":true,"href":"https:\/\/podernacional.com\/index.php?rest_route=\/wp\/v2\/media\/8065"}],"wp:attachment":[{"href":"https:\/\/podernacional.com\/index.php?rest_route=%2Fwp%2Fv2%2Fmedia&parent=8063"}],"wp:term":[{"taxonomy":"category","embeddable":true,"href":"https:\/\/podernacional.com\/index.php?rest_route=%2Fwp%2Fv2%2Fcategories&post=8063"},{"taxonomy":"post_tag","embeddable":true,"href":"https:\/\/podernacional.com\/index.php?rest_route=%2Fwp%2Fv2%2Ftags&post=8063"}],"curies":[{"name":"wp","href":"https:\/\/api.w.org\/{rel}","templated":true}]}}