{"id":8072,"date":"2022-08-04T20:57:32","date_gmt":"2022-08-05T01:57:32","guid":{"rendered":"https:\/\/podernacional.com\/?p=8072"},"modified":"2022-08-05T01:57:33","modified_gmt":"2022-08-05T01:57:33","slug":"quintana-roo-estado-que-menos-produce-pulpo-en-la-peninsula","status":"publish","type":"post","link":"https:\/\/podernacional.com\/?p=8072","title":{"rendered":"Quintana Roo, estado que menos produce pulpo en la pen\u00ednsula"},"content":{"rendered":"<h4>Estiman que del producto total, 30 por ciento se queda en M\u00e9xico y 70 por ciento se exporta<\/h4>\n<p>Pulpo maya, especie local de la Pen\u00ednsula de Yucat\u00e1n, es de los moluscos que m\u00e1s se consumen en M\u00e9xico.<\/p>\n<p>Ademas que exportan al mercado extranjero.<\/p>\n<p>Aunque Quintana Roo es el estado donde menos se encuentra, inform\u00f3 Mauricio Orellana, director general de Orca Seafoods.<\/p>\n<p>El entrevistado inform\u00f3 que desde el 1 de agosto y hasta el 15 de diciembre ser\u00e1 la temporada de captura del pulpo maya.<\/p>\n<p>El cual forma parte del proyecto de mejora pesquera.<\/p>\n<p>Ademas que est\u00e1 catalogado como una especie en camino a la sostenibilidad dentro el mapa de especies de movimiento Pesca con Futuro, al cual pertenece.<\/p>\n<p>Precis\u00f3 que en el estado de Yucat\u00e1n se pesca aproximadamente 85 por ciento de la captura total.<\/p>\n<p>En Campeche 10 a 15 por ciento, mientras que Quintana Roo produce alrededor del 1 por ciento del total de la pen\u00ednsula.<\/p>\n<p>Respecto al volumen de captura, manifest\u00f3 que se promedia 20 mil toneladas anualmente.<\/p>\n<p>Pero el 2021 fue inusualmente bueno y lograron pescar alrededor de 25 mil toneladas.<\/p>\n<p>\u201cEn general la captura del pulpo es de 20 mil toneladas de la pen\u00ednsula anualmente\u201d.<\/p>\n<p>\u201cEste a\u00f1o empez\u00f3 el 1 de agosto y se estima que ser\u00e1 un a\u00f1o de regular a bueno\u201d, acot\u00f3.<\/p>\n<p>Mauricio Orellana apunt\u00f3 que indudablemente Quintana Roo es uno de los grandes consumidores de pulpo.<\/p>\n<h4>Mientras que el mercado nacional es importante.<\/h4>\n<p>Puesto que este molusco es el tercer marisco que m\u00e1s se consume en el pa\u00eds por debajo del camar\u00f3n y el at\u00fan.<\/p>\n<p>Sin embargo, refiri\u00f3, la capacidad de la demanda en M\u00e9xico es relativamente baja dentro de las 20 mil toneladas que se capturan en promedio.<\/p>\n<p>Ademas que es muy dif\u00edcil que los productores compartan informaci\u00f3n de sus ventas.<\/p>\n<p>Con esto se estim\u00f3 que 30 por ciento se queda en M\u00e9xico y 70 por ciento se distribuye a nivel internacional.<\/p>\n<p>En ese sentido, dijo que el principal destino es Europa, concretamente Italia y Espa\u00f1a.<\/p>\n<p>As\u00ed como Estados Unidos, que ha ido incrementando sus niveles de compra.<\/p>\n<p>Sobre los estilos de preparaci\u00f3n, dio a conocer que es un producto que ha ido evolucionando en M\u00e9xico.<\/p>\n<p>Ademas que ha encontrado m\u00e1s nichos en los gustos de los comensales.<\/p>\n<h4>En principio era un producto que se consum\u00eda \u00fanicamente en las marisquer\u00edas.<\/h4>\n<p>Pero se ha venido incluyendo en parrilladas y en men\u00fas de todos niveles.<\/p>\n<p>Por otro lado, el entrevistado refiri\u00f3 que la mayor\u00eda del producto que capturan los pescadores lo congelan.<\/p>\n<p>Con esto, su inventario es reportado ante las autoridades, mismo que venden a lo largo del a\u00f1o.<\/p>\n<p>Adem\u00e1s, indic\u00f3 que el valor del marisco fluct\u00faa con base a la demanda de los compradores internacionales.<\/p>\n<p>Pero se manejan precios de 100 pesos por kilo, aunque es dif\u00edcil de dictar o cifrar un precio est\u00e1ndar.<\/p>\n<p>Inform\u00f3 que actualmente en la pen\u00ednsula hay 500 embarcaciones mayores que hacen pesca de varios d\u00edas y cinco mil lanchas menores<\/p>\n<p>Las cuales van y regresan el mismo d\u00eda, con 20 mil pescadores directos registrados.<\/p>\n<p>De igual manera, expuso que hay pescadores furtivos y sigue habiendo mucho descontrol con embarcaciones.<\/p>\n<p>Ademas que operan irregularmente durante y despu\u00e9s de la temporada alta.<\/p>\n","protected":false},"excerpt":{"rendered":"<p>Estiman que del producto total, 30 por ciento se queda en M\u00e9xico y 70 por ciento se exporta Pulpo maya, especie local de la Pen\u00ednsula de Yucat\u00e1n, es de los moluscos que m\u00e1s se consumen en M\u00e9xico. Ademas que exportan al mercado extranjero. Aunque Quintana Roo es el estado donde menos se encuentra, inform\u00f3 Mauricio [&hellip;]<\/p>\n","protected":false},"author":1,"featured_media":8074,"comment_status":"open","ping_status":"closed","sticky":false,"template":"","format":"standard","meta":{"footnotes":""},"categories":[6,10],"tags":[],"class_list":["post-8072","post","type-post","status-publish","format-standard","has-post-thumbnail","hentry","category-local","category-quintana-roo"],"_links":{"self":[{"href":"https:\/\/podernacional.com\/index.php?rest_route=\/wp\/v2\/posts\/8072","targetHints":{"allow":["GET"]}}],"collection":[{"href":"https:\/\/podernacional.com\/index.php?rest_route=\/wp\/v2\/posts"}],"about":[{"href":"https:\/\/podernacional.com\/index.php?rest_route=\/wp\/v2\/types\/post"}],"author":[{"embeddable":true,"href":"https:\/\/podernacional.com\/index.php?rest_route=\/wp\/v2\/users\/1"}],"replies":[{"embeddable":true,"href":"https:\/\/podernacional.com\/index.php?rest_route=%2Fwp%2Fv2%2Fcomments&post=8072"}],"version-history":[{"count":1,"href":"https:\/\/podernacional.com\/index.php?rest_route=\/wp\/v2\/posts\/8072\/revisions"}],"predecessor-version":[{"id":8073,"href":"https:\/\/podernacional.com\/index.php?rest_route=\/wp\/v2\/posts\/8072\/revisions\/8073"}],"wp:featuredmedia":[{"embeddable":true,"href":"https:\/\/podernacional.com\/index.php?rest_route=\/wp\/v2\/media\/8074"}],"wp:attachment":[{"href":"https:\/\/podernacional.com\/index.php?rest_route=%2Fwp%2Fv2%2Fmedia&parent=8072"}],"wp:term":[{"taxonomy":"category","embeddable":true,"href":"https:\/\/podernacional.com\/index.php?rest_route=%2Fwp%2Fv2%2Fcategories&post=8072"},{"taxonomy":"post_tag","embeddable":true,"href":"https:\/\/podernacional.com\/index.php?rest_route=%2Fwp%2Fv2%2Ftags&post=8072"}],"curies":[{"name":"wp","href":"https:\/\/api.w.org\/{rel}","templated":true}]}}