{"id":8078,"date":"2022-08-05T19:39:53","date_gmt":"2022-08-06T00:39:53","guid":{"rendered":"https:\/\/podernacional.com\/?p=8078"},"modified":"2022-08-06T00:39:54","modified_gmt":"2022-08-06T00:39:54","slug":"el-festival-cultural-de-la-toltequidad-celebra-su-33-edicion-en-mineral-de-pozos","status":"publish","type":"post","link":"https:\/\/podernacional.com\/?p=8078","title":{"rendered":"El Festival Cultural de la Toltequidad celebra su 33 edici\u00f3n en Mineral de Pozos"},"content":{"rendered":"<h4>El Festival de la Toltequidad contin\u00faa posicion\u00e1ndose como el segundo festival cultural m\u00e1s importante del estado de Guanajuato.<\/h4>\n<p>Toltequidad: Con esto, seguido del Festival Internacional Cervantino.<\/p>\n<p>Mineral de Pozos, Guanajuato, a 05 de agosto del 2022.<\/p>\n<p>El Pueblo M\u00e1gico de Mineral de Pozos, ubicado en el municipio de San Luis de la Paz.<\/p>\n<p>Inici\u00f3 hoy la celebraci\u00f3n de la XXXIII edici\u00f3n del \u201cFestival Cultural de la Toltequidad\u201d.<\/p>\n<p>Ademas de ser el \u00fanico evento cultural del tipo en el estado de Guanajuato que se realiza desde mediados de los ochenta del siglo pasado.<\/p>\n<p>El 05, 06, y 07 de agosto, la Secretar\u00eda de Turismo del Estado de Guanajuato en conjunto con el destino reactivan la econom\u00eda y difunden.<\/p>\n<h4>La cual es mediante este evento, la cultura y lenguas ind\u00edgenas locales como chichimeca Jon\u00e1s y otom\u00ed.<\/h4>\n<p>As\u00ed como a grupos nacionales de m\u00fasica popular tradicional y contempor\u00e1nea incluyendo a grupos de m\u00fasica etno fusi\u00f3n local y nacional.<\/p>\n<p>El festival se lleva a cabo teniendo como escenario un pueblo lleno de construcciones a\u00f1ejas, minas sin operar, calles empedradas.<\/p>\n<p>Ademas de\u00a0cerros de neblina, un templo que nunca se termin\u00f3, y sobre todo la cercan\u00eda de la comunidad de Misi\u00f3n de Chichimecas.<\/p>\n<p>Entonces, es un pueblo originario que sobrevivi\u00f3 al exterminio \u201ca sangre y a fuego\u201d.<\/p>\n<p>El cual es en un marco de hermandad y convivencia, en torno a las ra\u00edces prehisp\u00e1nicas.<\/p>\n<p>La raz\u00f3n del Festival es crear un espacio donde se difundan y promuevan las culturas tradicionales y locales.<\/p>\n<p>Entonces, con un profundo sentido acerca de las ra\u00edces de los pueblos Ind\u00edgenas de Guanajuato y del Pa\u00eds.<\/p>\n<p>Con esto, la creaci\u00f3n de fuentes econ\u00f3micas con Recursos Tur\u00edsticos y Culturales en beneficio del pueblo de Mineral de Pozos.<\/p>\n<p>En los inicios, el Festival fue organizado por el grupo Tribu (quienes en ese entonces viv\u00edan en la comunidad) junto con la gente del pueblo.<\/p>\n<h4>Con el fin de hacer un festival comunitario.<\/h4>\n<p>Sin embargo, por la naturaleza de las actividades del grupo tuvieron volverse a la Ciudad de M\u00e9xico.<\/p>\n<p>Posteriormente el festival fue pasando de mano en mano, llegando incluso a desvirtuarse la finalidad de este.<\/p>\n<p>En el a\u00f1o de 2004 lo retoman un grupo de artesanos que elaboran los instrumentos de origen prehisp\u00e1nico, entre otros.<\/p>\n<p>Y ahora, despu\u00e9s de pandemia regresa en su edici\u00f3n XXXIII esperando poder continuar de forma consecutiva los pr\u00f3ximos a\u00f1os.<\/p>\n<p>El Festival de la Toltequidad contin\u00faa posicion\u00e1ndose como el segundo festival cultural m\u00e1s importante del estado de Guanajuato.<\/p>\n<p>Aunque, s\u00f3lo por detr\u00e1s del Festival Internacional Cervantino.<\/p>\n<p>El \u00e9xito de dicho festival se debe en la preservaci\u00f3n de las tradiciones y en la promoci\u00f3n de las expresiones art\u00edsticas.<\/p>\n<h4>Programa:<\/h4>\n<p>Viernes 05 de agosto de 2022<\/p>\n<p>A partir de las 10:00 am y hasta las 8:00 pm<\/p>\n<p>Saludo a los Cuatro Rumbos \u2013 Ceremonia de Inauguraci\u00f3n<\/p>\n<p>Taller Grabado y sello corporal<\/p>\n<p>Ademas de cartoner\u00eda de M\u00e1scaras Rituales de Chup\u00edcuaro<\/p>\n<p>Por ende, el de manufactura de Artesan\u00edas con materiales naturales<\/p>\n<p>Taller conversatorio de Danza Clown la risa en movimiento \u2013 Conversatorio sobre el payaso sagrado o Heyoka<\/p>\n<p>Conferencia Serpientes<\/p>\n<p>Conferencia Los alimentos de la milpa<\/p>\n<p>Funci\u00f3n de T\u00edteres<\/p>\n<p>Teatro de la calle<\/p>\n<p>Tribu M\u00fasica Etnofusi\u00f3n<\/p>\n<p>Moros y Cristianos Tradicional \u2013 Fusi\u00f3n<\/p>\n<p>Los Leones de la Sierra de Xich\u00fa<\/p>\n<h4>S\u00e1bado 06 de agosto de 2022<\/h4>\n<p>11:00 \u2013 12:00 \u2013 Taller de manufactura \u2013 Vasijas Tr\u00edpodes Zoomorfas de cer\u00e1mica.<\/p>\n<p>11:00 \u2013 12:00 \u2013 Charla \u2013 Grabado y muestra de sellos corporales.<\/p>\n<p>012:00 \u2013 14:00 \u2013 Taller de manufactura \u2013 Artesan\u00edas con materiales naturales.<\/p>\n<p>12:00 \u2013 14:00 \u2013 Danza Clown La Risa en Movimiento.<\/p>\n<p>12:00 \u2013 13:00 \u2013 Taller de Creaci\u00f3n de cuentos para ni\u00f1os.<\/p>\n<p>13:00 \u2013 14:00 \u2013 Conferencia: Ajolotes.<\/p>\n<p>14:00 \u2013 15:45 \u2013 Funci\u00f3n de T\u00edteres.<\/p>\n<p>15:45 \u2013 17:00 \u2013 Charla de Tradicional Quetzalc\u00f3atl y Ritual \u00bfA d\u00f3nde vamos desde aqu\u00ed?<\/p>\n<p>17:00 \u2013 18:00 \u2013 Rebel a Zi\u00f3n Reggae y Ska.<\/p>\n<p>18:00 \u2013 19:00 \u2013 Vigote Rock.<\/p>\n<p>19:00 \u2013 20:30 \u2013 La Subte Jazz Ska Ska.<\/p>\n<p>20:30 \u2013 22:00 \u2013 Aztl\u00e1n Underground Etno Fusi\u00f3n<\/p>\n<p>22:00 \u2013 24:00 \u2013 Ernie Ruiz y su grupo A<\/p>\n<h4>Domingo 07 de agosto de 2022<\/h4>\n<p>11:00 \u2013 12:00 \u2013 Venado Azul M\u00fasica de inspiraci\u00f3n prehisp\u00e1nica.<\/p>\n<p>12:00 \u2013 13:00 Maxorh\u00fa Jazz, fusi\u00f3n, m\u00fasica de ra\u00edz prehisp\u00e1nica.<\/p>\n<p>13:00 \u2013 13:30 Yodoquinsi M\u00fasica con instrumentos de tipo prehisp\u00e1nicos mexicanos.<\/p>\n<p>13:30 \u2013 Afro-Son Huapango Fusi\u00f3n Africano.<\/p>\n<p>13:30 \u2013 14:30 Chichimeca Jon\u00e1s Danza tradicional Chichimeca.<\/p>\n<p>14:30 \u2013 15:30 Danza Ezar.<\/p>\n<p>Ceremonia de Clausura.<\/p>\n","protected":false},"excerpt":{"rendered":"<p>El Festival de la Toltequidad contin\u00faa posicion\u00e1ndose como el segundo festival cultural m\u00e1s importante del estado de Guanajuato. Toltequidad: Con esto, seguido del Festival Internacional Cervantino. Mineral de Pozos, Guanajuato, a 05 de agosto del 2022. El Pueblo M\u00e1gico de Mineral de Pozos, ubicado en el municipio de San Luis de la Paz. Inici\u00f3 hoy [&hellip;]<\/p>\n","protected":false},"author":1,"featured_media":8080,"comment_status":"open","ping_status":"closed","sticky":false,"template":"","format":"standard","meta":{"footnotes":""},"categories":[2,7],"tags":[],"class_list":["post-8078","post","type-post","status-publish","format-standard","has-post-thumbnail","hentry","category-cultural","category-nacional"],"_links":{"self":[{"href":"https:\/\/podernacional.com\/index.php?rest_route=\/wp\/v2\/posts\/8078","targetHints":{"allow":["GET"]}}],"collection":[{"href":"https:\/\/podernacional.com\/index.php?rest_route=\/wp\/v2\/posts"}],"about":[{"href":"https:\/\/podernacional.com\/index.php?rest_route=\/wp\/v2\/types\/post"}],"author":[{"embeddable":true,"href":"https:\/\/podernacional.com\/index.php?rest_route=\/wp\/v2\/users\/1"}],"replies":[{"embeddable":true,"href":"https:\/\/podernacional.com\/index.php?rest_route=%2Fwp%2Fv2%2Fcomments&post=8078"}],"version-history":[{"count":1,"href":"https:\/\/podernacional.com\/index.php?rest_route=\/wp\/v2\/posts\/8078\/revisions"}],"predecessor-version":[{"id":8079,"href":"https:\/\/podernacional.com\/index.php?rest_route=\/wp\/v2\/posts\/8078\/revisions\/8079"}],"wp:featuredmedia":[{"embeddable":true,"href":"https:\/\/podernacional.com\/index.php?rest_route=\/wp\/v2\/media\/8080"}],"wp:attachment":[{"href":"https:\/\/podernacional.com\/index.php?rest_route=%2Fwp%2Fv2%2Fmedia&parent=8078"}],"wp:term":[{"taxonomy":"category","embeddable":true,"href":"https:\/\/podernacional.com\/index.php?rest_route=%2Fwp%2Fv2%2Fcategories&post=8078"},{"taxonomy":"post_tag","embeddable":true,"href":"https:\/\/podernacional.com\/index.php?rest_route=%2Fwp%2Fv2%2Ftags&post=8078"}],"curies":[{"name":"wp","href":"https:\/\/api.w.org\/{rel}","templated":true}]}}