{"id":8096,"date":"2022-08-05T21:01:53","date_gmt":"2022-08-06T02:01:53","guid":{"rendered":"https:\/\/podernacional.com\/?p=8096"},"modified":"2022-08-06T02:01:54","modified_gmt":"2022-08-06T02:01:54","slug":"designan-a-heyden-cebada-magistrado-presidente-en-quintana-roo","status":"publish","type":"post","link":"https:\/\/podernacional.com\/?p=8096","title":{"rendered":"Designan a Heyden Cebada magistrado presidente en Quintana Roo"},"content":{"rendered":"<h4>Durante su mensaje hizo un llamado a combatir la corrupci\u00f3n y cambiar el rumbo, para dar resultados a la ciudadan\u00eda.<\/h4>\n<p>Heyden Cebada: Chetumal, Quintana Roo a 5 de agosto del 2022.- Por unanimidad del pleno del Tribunal Superior de Justicia (TSJ).<\/p>\n<p>Heyden Cebada Rivas fue designado como magistrado presidente para el periodo del 1 de septiembre de 2022 al 31 de agosto de 2027.<\/p>\n<p>Durante la Sesi\u00f3n Extraordinaria del pleno del TSJ, que se realiz\u00f3 este viernes, en el proceso de elecci\u00f3n fue designado el magistrado.<\/p>\n<p>Con esto, Felipe de Jes\u00fas Sol\u00eds Maga\u00f1a para realizar funciones de presidente en el marco del proceso de elecci\u00f3n del nuevo titular.<\/p>\n<p>Cada uno de los magistrados numerarios recibi\u00f3 una c\u00e9dula de votaci\u00f3n para emitir el sufragio de manera libre y secreta.<\/p>\n<p>En la que Heyden Cebada fue electo por unanimidad de votos y asumir\u00e1 el cargo el pr\u00f3ximo 1 de septiembre.<\/p>\n<p>Durante su mensaje, Heyden Cebada afirm\u00f3 que la cero tolerancia a la corrupci\u00f3n de los miembros que conforman este poder, debe ser bandera a defender.<\/p>\n<h4>ISSSTE y Quintana Roo firman convenio para regularizar adeudos del Ayuntamiento de Isla Mujeres.<\/h4>\n<p>\u00abEstas ser\u00e1n herramientas claves para recuperar la confianza de los justiciables en Quintana Roo en sus instituciones y en el estado de derecho\u201d, agreg\u00f3.<\/p>\n<p>Dej\u00f3 en claro que las personas exigen justicia.<\/p>\n<p>\u00abNo debemos neg\u00e1rsela, no estamos hoy en condiciones de ser ajenos a la demanda de justicia de la sociedad\u201d.<\/p>\n<p>\u201cNo podemos ser inherentes a las respuestas que exige la sociedad y que requieren acciones y resultados\u201d.<\/p>\n<p>Cebada Rivas hizo un llamado a cambiar el rumbo de manera positiva para lo que requiere la sociedad.<\/p>\n<p>Ademas de no ser pasivos ante un clamor p\u00fablico que exige respuestas, acciones y resultados.<\/p>\n<p>Tras agradecer el apoyo recibido por los magistrados, a\u00f1adi\u00f3:<\/p>\n<p>\u201cEs un honor representarlos, vamos a trabajar en coordinaci\u00f3n con los poderes ejecutivo y legislativo\u201d.<\/p>\n<p>\u201cNunca olvidando la autonom\u00eda para estar a nivel de expectativa de una transformaci\u00f3n de forma y fondo para un mejor Quintana Roo\u201d.<\/p>\n","protected":false},"excerpt":{"rendered":"<p>Durante su mensaje hizo un llamado a combatir la corrupci\u00f3n y cambiar el rumbo, para dar resultados a la ciudadan\u00eda. Heyden Cebada: Chetumal, Quintana Roo a 5 de agosto del 2022.- Por unanimidad del pleno del Tribunal Superior de Justicia (TSJ). Heyden Cebada Rivas fue designado como magistrado presidente para el periodo del 1 de [&hellip;]<\/p>\n","protected":false},"author":1,"featured_media":8098,"comment_status":"open","ping_status":"closed","sticky":false,"template":"","format":"standard","meta":{"footnotes":""},"categories":[6,10],"tags":[],"class_list":["post-8096","post","type-post","status-publish","format-standard","has-post-thumbnail","hentry","category-local","category-quintana-roo"],"_links":{"self":[{"href":"https:\/\/podernacional.com\/index.php?rest_route=\/wp\/v2\/posts\/8096","targetHints":{"allow":["GET"]}}],"collection":[{"href":"https:\/\/podernacional.com\/index.php?rest_route=\/wp\/v2\/posts"}],"about":[{"href":"https:\/\/podernacional.com\/index.php?rest_route=\/wp\/v2\/types\/post"}],"author":[{"embeddable":true,"href":"https:\/\/podernacional.com\/index.php?rest_route=\/wp\/v2\/users\/1"}],"replies":[{"embeddable":true,"href":"https:\/\/podernacional.com\/index.php?rest_route=%2Fwp%2Fv2%2Fcomments&post=8096"}],"version-history":[{"count":1,"href":"https:\/\/podernacional.com\/index.php?rest_route=\/wp\/v2\/posts\/8096\/revisions"}],"predecessor-version":[{"id":8097,"href":"https:\/\/podernacional.com\/index.php?rest_route=\/wp\/v2\/posts\/8096\/revisions\/8097"}],"wp:featuredmedia":[{"embeddable":true,"href":"https:\/\/podernacional.com\/index.php?rest_route=\/wp\/v2\/media\/8098"}],"wp:attachment":[{"href":"https:\/\/podernacional.com\/index.php?rest_route=%2Fwp%2Fv2%2Fmedia&parent=8096"}],"wp:term":[{"taxonomy":"category","embeddable":true,"href":"https:\/\/podernacional.com\/index.php?rest_route=%2Fwp%2Fv2%2Fcategories&post=8096"},{"taxonomy":"post_tag","embeddable":true,"href":"https:\/\/podernacional.com\/index.php?rest_route=%2Fwp%2Fv2%2Ftags&post=8096"}],"curies":[{"name":"wp","href":"https:\/\/api.w.org\/{rel}","templated":true}]}}