{"id":8099,"date":"2022-08-05T21:20:29","date_gmt":"2022-08-06T02:20:29","guid":{"rendered":"https:\/\/podernacional.com\/?p=8099"},"modified":"2022-08-06T02:20:31","modified_gmt":"2022-08-06T02:20:31","slug":"ssg-culmina-el-foro-internacional-de-lideres-en-salud-innovacion-y-buenas-practicas","status":"publish","type":"post","link":"https:\/\/podernacional.com\/?p=8099","title":{"rendered":"SSG culmina el Foro Internacional de L\u00edderes en Salud \u201cInnovaci\u00f3n y buenas pr\u00e1cticas\u201d."},"content":{"rendered":"<h4>Despu\u00e9s del lanzamiento del nuevo Sistema de Salud de Guanajuato el pasado 13 de julio.<\/h4>\n<p>SSG: Por los resultados en la infraestructura y atenci\u00f3n m\u00e9dica, se realiz\u00f3 con \u00e9xito el Foro Internacional de L\u00edderes en Salud \u201cInnovaci\u00f3n y buenas pr\u00e1cticas\u201d.<\/p>\n<p>El secretario de salud en Guanajuato, Daniel D\u00edaz Mart\u00ednez inform\u00f3 que participaron en este ejercicio de actualizaci\u00f3n continua.<\/p>\n<p>Ademas de conocimiento m\u00e1s de 1200 profesionales de la salud.<\/p>\n<p>Mismo que cont\u00f3 con especialistas m\u00e9dicos de reconocimiento, nacional e internacional, adem\u00e1s de conferencias magistrales y mesas de discusi\u00f3n.<\/p>\n<p>El Foro inici\u00f3 con la mesa de discusi\u00f3n \u201cCalidad en Salud con la participaci\u00f3n de la Dra. Reyna Yacam\u00e1n Handal\u201d.<\/p>\n<p>\u201cDirectora Corporativa de Calidad del Centro M\u00e9dico ABC, el Dr. Joaquim Ba\u00f1eres, director del Instituto Universitario Avedis Donabedian.<\/p>\n<p>Adem\u00e1s, se sum\u00f3 la Dra. Ana Pujois-McKee, vicepresidenta Ejecutiva y directora m\u00e9dica, directora de Diversidad.<\/p>\n<p>As\u00ed como de Equidad e Inclusi\u00f3n The Joint Comissionyla Dra. Rosario C\u00e1rdenas Elizalde.<\/p>\n<p>Ademas del presidente del Consejo Consultivo Ciudadano para la Pol\u00edtica de Poblaci\u00f3n.<\/p>\n<h4>CONEVAL. Dra. Dra. Odet Sarabia Gonz\u00e1lez, Academia Internacional de Calidad y Seguridad en la Atenci\u00f3n a la Salud.<\/h4>\n<p>As\u00ed como del vicepresidente de la Sociedad Mexicanade Calidad y Seguridad del Paciente.<\/p>\n<p>El Dr. Roberto Tapia Conyer, director general de Fundaci\u00f3n Carlos Slim, desarroll\u00f3 el tema: Innovaci\u00f3n en Salud: desaf\u00edos para mejorar la salud p\u00fablica.<\/p>\n<p>A esta pl\u00e1tica se sum\u00f3 el Dr. Enrique Ruelas Barajas presidente y Director del Instituto Internacional de Futuros de la Salud.<\/p>\n<p>El Dr. Jorge E. Valdez Garc\u00eda, Decano de la Escuela de Medicina y Ciencias de la Salud, Instituto Tecnol\u00f3gico y de Estudios Superiores de Monterrey.<\/p>\n<p>Los exsecretarios de salud federal el Mtro. Salom\u00f3n Chertorivski Woldenberg, Jos\u00e9 Ram\u00f3n Narro Robles.<\/p>\n<p>El Dr. Jos\u00e9 \u00c1ngel C\u00f3rdoba Villalobos entablaron una mesa de di\u00e1logo sobre la Gesti\u00f3n de Pol\u00edticas P\u00fablicas en Salud (SSG).<\/p>\n<p>Otra de las mesas se realizar\u00e1 con el tema \u201cBuenas pr\u00e1cticas y mejoras regulatorias en los servicios de salud\u201d.<\/p>\n<p>Con la participaci\u00f3n de la Dra. Alma Rosa Marroqu\u00edn Escamilla secretaria de Salud y directora de Servicios de Salud del Estado de Nuevo Le\u00f3n.<\/p>\n<p>As\u00ed como del Dr. Roberto Bernal G\u00f3mez secretario de Salud del Estado de Coahuila.<\/p>\n<p>La Importancia de la Covid-19 ante la Salud Global.<\/p>\n<p>Fue desarrollado por el Dr. Julio Frenk Mora, Rector Universidad de Miami.<\/p>\n<p>As\u00ed como del Dr. \u00c9ctor Jaime Ram\u00edrez Barba, secretario de la Comisi\u00f3n de Salud,C\u00e1mara de Diputados de la \u00a0LXV Legislatura.<\/p>\n<h4>Ademas de Truman G. Packard L\u00edder del Programa de Desarrollo Humano para M\u00e9xico del Banco Mundial.<\/h4>\n<p>Con el tema COVID-19 Vacunas y Embarazo se brindar\u00e1 la Conferencia Magistral por el Dr. Pierre Buekens, director Centro de Epidemiolog\u00eda Perinatal.<\/p>\n<p>Y Reproductiva Emergente Universidad de Tulane, Louisiana.<\/p>\n<p>El Dr. Cuauht\u00e9moc Ruiz Matus Consultor en Salud P\u00fablica Grupo Ruiz Matus, brindar\u00e1 la Conferencia Magistral La Revoluci\u00f3n de las Vacunas.<\/p>\n<p>Finalmente, el Eduardo C\u00e9sar Lazcano Ponce Director General del Instituto Nacional de Salud P\u00fablica.<\/p>\n<p>Presentar\u00e1 la Conferencia Magistral El futuro de la educaci\u00f3n en salud p\u00fablica.<\/p>\n<p>El Foro de L\u00edderes en Salud persigui\u00f3 el objetivo de desarrollar m\u00e1s capacitaci\u00f3n al personal de salud toda vez que en Guanajuato.<\/p>\n<p>Se ofrecen m\u00e1s de 10 millones de atenciones m\u00e9dicas al a\u00f1o, de las cuales 3 millones son consultas anuales.<\/p>\n<p>Todos los pacientes reciben sus medicinas completamente gratis.<\/p>\n<p>Todo con un presupuesto anual de 12 mil 500 millones de pesos, de los cuales.<\/p>\n<p>Ademas de los 8 mil los aporta la Federaci\u00f3n 6 mil 500 el Estado de Guanajuato.<\/p>\n<p>SSG culmina el Foro Internacional de L\u00edderes en Salud<\/p>\n","protected":false},"excerpt":{"rendered":"<p>Despu\u00e9s del lanzamiento del nuevo Sistema de Salud de Guanajuato el pasado 13 de julio. SSG: Por los resultados en la infraestructura y atenci\u00f3n m\u00e9dica, se realiz\u00f3 con \u00e9xito el Foro Internacional de L\u00edderes en Salud \u201cInnovaci\u00f3n y buenas pr\u00e1cticas\u201d. El secretario de salud en Guanajuato, Daniel D\u00edaz Mart\u00ednez inform\u00f3 que participaron en este ejercicio [&hellip;]<\/p>\n","protected":false},"author":1,"featured_media":8101,"comment_status":"open","ping_status":"closed","sticky":false,"template":"","format":"standard","meta":{"footnotes":""},"categories":[9,11],"tags":[],"class_list":["post-8099","post","type-post","status-publish","format-standard","has-post-thumbnail","hentry","category-politica","category-salud"],"_links":{"self":[{"href":"https:\/\/podernacional.com\/index.php?rest_route=\/wp\/v2\/posts\/8099","targetHints":{"allow":["GET"]}}],"collection":[{"href":"https:\/\/podernacional.com\/index.php?rest_route=\/wp\/v2\/posts"}],"about":[{"href":"https:\/\/podernacional.com\/index.php?rest_route=\/wp\/v2\/types\/post"}],"author":[{"embeddable":true,"href":"https:\/\/podernacional.com\/index.php?rest_route=\/wp\/v2\/users\/1"}],"replies":[{"embeddable":true,"href":"https:\/\/podernacional.com\/index.php?rest_route=%2Fwp%2Fv2%2Fcomments&post=8099"}],"version-history":[{"count":1,"href":"https:\/\/podernacional.com\/index.php?rest_route=\/wp\/v2\/posts\/8099\/revisions"}],"predecessor-version":[{"id":8100,"href":"https:\/\/podernacional.com\/index.php?rest_route=\/wp\/v2\/posts\/8099\/revisions\/8100"}],"wp:featuredmedia":[{"embeddable":true,"href":"https:\/\/podernacional.com\/index.php?rest_route=\/wp\/v2\/media\/8101"}],"wp:attachment":[{"href":"https:\/\/podernacional.com\/index.php?rest_route=%2Fwp%2Fv2%2Fmedia&parent=8099"}],"wp:term":[{"taxonomy":"category","embeddable":true,"href":"https:\/\/podernacional.com\/index.php?rest_route=%2Fwp%2Fv2%2Fcategories&post=8099"},{"taxonomy":"post_tag","embeddable":true,"href":"https:\/\/podernacional.com\/index.php?rest_route=%2Fwp%2Fv2%2Ftags&post=8099"}],"curies":[{"name":"wp","href":"https:\/\/api.w.org\/{rel}","templated":true}]}}