{"id":8105,"date":"2022-08-05T21:30:13","date_gmt":"2022-08-06T02:30:13","guid":{"rendered":"https:\/\/podernacional.com\/?p=8105"},"modified":"2022-08-06T02:30:14","modified_gmt":"2022-08-06T02:30:14","slug":"legisladores-buscan-reformar-ley-de-la-juventud-del-estado-de-zacatecas","status":"publish","type":"post","link":"https:\/\/podernacional.com\/?p=8105","title":{"rendered":"Legisladores buscan reformar Ley de la Juventud del Estado de Zacatecas"},"content":{"rendered":"<h4>Como una herramienta y ejercicio de participaci\u00f3n juvenil, di\u00e1logo y vinculaci\u00f3n.<\/h4>\n<p>Legisladores: Ademas que la LXIV Legislatura del Estrado a trav\u00e9s de los diputados Xerardo Ram\u00edrez Mu\u00f1oz y Ana Luisa del Muro Garc\u00eda.<\/p>\n<p>En conjunto con la Senadora Geovanna Ba\u00f1uelos de la Torre, convocaron a 30 j\u00f3venes zacatecanos al Parlamento por la Juventud Zacatecas 2022.<\/p>\n<p>El cual se celebr\u00f3 los d\u00edas 4 y 5 de agosto en las instalaciones del Congreso local.<\/p>\n<p>Durante los d\u00edas que tuvo lugar el Parlamento por la Juventud, los 30 j\u00f3venes parlamentarios, 15 hombres y 15 mujeres.<\/p>\n<p>Ademas que recibieron cursos de introducci\u00f3n a la creaci\u00f3n de iniciativas y desarrollaron dos sesiones de Pleno.<\/p>\n<p>En donde tuvieron la oportunidad de hacer uso de la m\u00e1xima tribuna del estado para expresar sus inquietudes, motivaciones.<\/p>\n<p>Con eso, aportaciones a la Ley de la Juventud del Estado de Zacatecas, con el fin de generar propuestas que puedan mejorar el marco normativo.<\/p>\n<p>A trav\u00e9s de los grupos parlamentarios identificados por colores, los j\u00f3venes legisladores \u00a0presentaron 5 Iniciativas con Proyecto de Decreto.<\/p>\n<h4>Ademas para reformar la Ley de la Juventud del Estado de Zacatecas.<\/h4>\n<p>Las propuestas son para establecer en el ordenamiento, que se paguen las pr\u00e1cticas profesionales a los j\u00f3venes que est\u00e1n por concluir sus estudios universitarios.<\/p>\n<p>Por ende, se instituya la representaci\u00f3n juvenil en el total de los gobiernos municipales y se garantice la salud mental del sector.<\/p>\n<p>Con eso, la inclusi\u00f3n del Consejo Ciudadano Juvenil en la ley.<\/p>\n<p>Ademas que la implementaci\u00f3n de objetivos y estrategias para el fomento de incubadoras de proyectos.<\/p>\n<p>As\u00ed como impulso del deporte.p<\/p>\n<p>Para considerar a la comunidad LGBTTTIQ+ como sector vulnerable y que se implementen programas y acciones enfocados a ellos.<\/p>\n<p>Durante el evento de clausura y entrega de reconocimientos a los j\u00f3venes participantes, estuvieron el diputado Jos\u00e9 Xerardo Ram\u00edrez Mu\u00f1oz.<\/p>\n<p>Con eso, la Senadora Geovanna Ba\u00f1uelos de la Torre y el sub secretario de turismo municipal de Zacatecas Jos\u00e9 Luis Flores Gallegos.<\/p>\n<p>&nbsp;<\/p>\n<p>&nbsp;<\/p>\n","protected":false},"excerpt":{"rendered":"<p>Como una herramienta y ejercicio de participaci\u00f3n juvenil, di\u00e1logo y vinculaci\u00f3n. Legisladores: Ademas que la LXIV Legislatura del Estrado a trav\u00e9s de los diputados Xerardo Ram\u00edrez Mu\u00f1oz y Ana Luisa del Muro Garc\u00eda. En conjunto con la Senadora Geovanna Ba\u00f1uelos de la Torre, convocaron a 30 j\u00f3venes zacatecanos al Parlamento por la Juventud Zacatecas 2022. [&hellip;]<\/p>\n","protected":false},"author":1,"featured_media":8107,"comment_status":"open","ping_status":"closed","sticky":false,"template":"","format":"standard","meta":{"footnotes":""},"categories":[7,9],"tags":[],"class_list":["post-8105","post","type-post","status-publish","format-standard","has-post-thumbnail","hentry","category-nacional","category-politica"],"_links":{"self":[{"href":"https:\/\/podernacional.com\/index.php?rest_route=\/wp\/v2\/posts\/8105","targetHints":{"allow":["GET"]}}],"collection":[{"href":"https:\/\/podernacional.com\/index.php?rest_route=\/wp\/v2\/posts"}],"about":[{"href":"https:\/\/podernacional.com\/index.php?rest_route=\/wp\/v2\/types\/post"}],"author":[{"embeddable":true,"href":"https:\/\/podernacional.com\/index.php?rest_route=\/wp\/v2\/users\/1"}],"replies":[{"embeddable":true,"href":"https:\/\/podernacional.com\/index.php?rest_route=%2Fwp%2Fv2%2Fcomments&post=8105"}],"version-history":[{"count":1,"href":"https:\/\/podernacional.com\/index.php?rest_route=\/wp\/v2\/posts\/8105\/revisions"}],"predecessor-version":[{"id":8106,"href":"https:\/\/podernacional.com\/index.php?rest_route=\/wp\/v2\/posts\/8105\/revisions\/8106"}],"wp:featuredmedia":[{"embeddable":true,"href":"https:\/\/podernacional.com\/index.php?rest_route=\/wp\/v2\/media\/8107"}],"wp:attachment":[{"href":"https:\/\/podernacional.com\/index.php?rest_route=%2Fwp%2Fv2%2Fmedia&parent=8105"}],"wp:term":[{"taxonomy":"category","embeddable":true,"href":"https:\/\/podernacional.com\/index.php?rest_route=%2Fwp%2Fv2%2Fcategories&post=8105"},{"taxonomy":"post_tag","embeddable":true,"href":"https:\/\/podernacional.com\/index.php?rest_route=%2Fwp%2Fv2%2Ftags&post=8105"}],"curies":[{"name":"wp","href":"https:\/\/api.w.org\/{rel}","templated":true}]}}