{"id":8111,"date":"2022-08-06T17:29:30","date_gmt":"2022-08-06T22:29:30","guid":{"rendered":"https:\/\/podernacional.com\/?p=8111"},"modified":"2022-08-06T22:29:31","modified_gmt":"2022-08-06T22:29:31","slug":"visor-europeo-sobre-futbol-mexicano-no-hay-duda-de-que-es-una-potencia","status":"publish","type":"post","link":"https:\/\/podernacional.com\/?p=8111","title":{"rendered":"Visor europeo sobre Futbol mexicano: \u00abNo hay duda de que es una potencia\u00bb"},"content":{"rendered":"<h4>Jorge S\u00e1nchez y Santiago Gim\u00e9nez jugar\u00e1n en los Pa\u00edses Bajos<\/h4>\n<p>Visor europeo: Los jugadores mexicanos volvieron a estar bajo el radar de equipos europeos.<\/p>\n<p>Gracias a la proyecci\u00f3n que han tenido, las exportaciones de futbolistas nacionales han aumentado y desde la perspectiva del e<a href=\"https:\/\/es.wikipedia.org\/wiki\/Borja_Oubi%C3%B1a\">xmediocampista Borja Oubi\u00f1a.<\/a><\/p>\n<p>Ademas que se tiene la visi\u00f3n de que en M\u00e9xico hay calidad de primer nivel.<\/p>\n<p>El exjugador del Celta de Vigo y Leyenda de LaLiga, tiene tambi\u00e9n experiencia en el campo de scouting y al visorear equipos de la Liga MX.<\/p>\n<p>El cual confirm\u00f3 que los jugadores tricolores pueden ofrecer futbol de alto nivel.<\/p>\n<p>Ademas que el concepto que no ha cambiado con el pasar de a\u00f1os gracias a los representantes que han tenido dentro del balompi\u00e9 europeo.<\/p>\n<p>\u201cEl proceso \u00a0de adaptaci\u00f3n siempre cuesta. No hay duda de la competitividad que pueden llegar a mostrar los jugadores mexicanos\u201d.<\/p>\n<h4>\u201cA\u00a0lo largo de los a\u00f1os siempre ha habido jugadores de primer nivel en Europa y los seguir\u00e1 habiendo\u201d.<\/h4>\n<p>\u201cAdemas que no hay duda que el futbol mexicano es una potencia\u201d, declar\u00f3 en entrevista para R\u00c9CORD.<\/p>\n<p>Jorge S\u00e1nchez emigrar\u00e1 al Ajax<\/p>\n<p>Aunque el anhelo de decenas de profesionales es desempe\u00f1arse en Europa.<\/p>\n<p>El cual es un objetivo que a muchos se les dificulta.<\/p>\n<p>Ademas que es principalmente por las pocas plazas que hay para extranjeros, por lo que la competencia para ganarse un lugar es constante.<\/p>\n<p>\u201cEl cupo tambi\u00e9n es factor. Un jugador mexicano ocupa plaza de extranjero, tambi\u00e9n est\u00e1n pa\u00edses sudamericanos\u201d.<\/p>\n<p>\u201cPor eso es complicado que emigren, pero de lo que no hay duda es del nivel que hay en la liga\u201d.<\/p>\n<p>\u201cAdemas que tiene la Selecci\u00f3n y los jugadores mexicanos\u201d, manifest\u00f3.<\/p>\n<p>Por ende, el visor europeo sobre Futbol Mex: No hay duda de que es una potencia<\/p>\n","protected":false},"excerpt":{"rendered":"<p>Jorge S\u00e1nchez y Santiago Gim\u00e9nez jugar\u00e1n en los Pa\u00edses Bajos Visor europeo: Los jugadores mexicanos volvieron a estar bajo el radar de equipos europeos. Gracias a la proyecci\u00f3n que han tenido, las exportaciones de futbolistas nacionales han aumentado y desde la perspectiva del exmediocampista Borja Oubi\u00f1a. Ademas que se tiene la visi\u00f3n de que en [&hellip;]<\/p>\n","protected":false},"author":1,"featured_media":8113,"comment_status":"open","ping_status":"closed","sticky":false,"template":"","format":"standard","meta":{"footnotes":""},"categories":[3,7],"tags":[],"class_list":["post-8111","post","type-post","status-publish","format-standard","has-post-thumbnail","hentry","category-deportes","category-nacional"],"_links":{"self":[{"href":"https:\/\/podernacional.com\/index.php?rest_route=\/wp\/v2\/posts\/8111","targetHints":{"allow":["GET"]}}],"collection":[{"href":"https:\/\/podernacional.com\/index.php?rest_route=\/wp\/v2\/posts"}],"about":[{"href":"https:\/\/podernacional.com\/index.php?rest_route=\/wp\/v2\/types\/post"}],"author":[{"embeddable":true,"href":"https:\/\/podernacional.com\/index.php?rest_route=\/wp\/v2\/users\/1"}],"replies":[{"embeddable":true,"href":"https:\/\/podernacional.com\/index.php?rest_route=%2Fwp%2Fv2%2Fcomments&post=8111"}],"version-history":[{"count":1,"href":"https:\/\/podernacional.com\/index.php?rest_route=\/wp\/v2\/posts\/8111\/revisions"}],"predecessor-version":[{"id":8112,"href":"https:\/\/podernacional.com\/index.php?rest_route=\/wp\/v2\/posts\/8111\/revisions\/8112"}],"wp:featuredmedia":[{"embeddable":true,"href":"https:\/\/podernacional.com\/index.php?rest_route=\/wp\/v2\/media\/8113"}],"wp:attachment":[{"href":"https:\/\/podernacional.com\/index.php?rest_route=%2Fwp%2Fv2%2Fmedia&parent=8111"}],"wp:term":[{"taxonomy":"category","embeddable":true,"href":"https:\/\/podernacional.com\/index.php?rest_route=%2Fwp%2Fv2%2Fcategories&post=8111"},{"taxonomy":"post_tag","embeddable":true,"href":"https:\/\/podernacional.com\/index.php?rest_route=%2Fwp%2Fv2%2Ftags&post=8111"}],"curies":[{"name":"wp","href":"https:\/\/api.w.org\/{rel}","templated":true}]}}