{"id":8123,"date":"2022-08-06T20:07:06","date_gmt":"2022-08-07T01:07:06","guid":{"rendered":"https:\/\/podernacional.com\/?p=8123"},"modified":"2022-08-07T01:07:07","modified_gmt":"2022-08-07T01:07:07","slug":"impulsa-gobierno-de-zacatecas-la-cultura-popular-y-las-tradiciones-propias-en-el-fzfi-2022","status":"publish","type":"post","link":"https:\/\/podernacional.com\/?p=8123","title":{"rendered":"Impulsa Gobierno de Zacatecas la cultura popular y las tradiciones propias en el FZFI 2022"},"content":{"rendered":"<h4>Con la participaci\u00f3n de 10 agrupaciones municipales y siete m\u00e1s de la capital, se reconoce el talento zacatecano dentro del FZFI 2022<\/h4>\n<p>FZFI 2022: Colombia, Panam\u00e1, Costa Rica, Baja California Sur y Jalisco, se sumaron a las actividades de este viernes<\/p>\n<p>A fin de potenciar el valor cultural, art\u00edstico e hist\u00f3rico del estado, para contribuir al fortalecimiento de la identidad.<\/p>\n<p>Con eso en la participaci\u00f3n de 10 agrupaciones municipales y siete de la capital del estado.<\/p>\n<p>El p\u00fablico reconoci\u00f3 con sus aplausos el talento zacatecano, dentro de las actividades del viernes.<\/p>\n<p>Ademas, en el Festival Zacatecas del Folclor Internacional (FZFI) \u201cGustavo Vaquera Contreras\u201d 2022.<\/p>\n<p>Calles y plazuelas de la ciudad se llenaron de danza y m\u00fasica con las diversas participaciones en los escenarios de esta festividad.<\/p>\n<p>Al retumbe de la tambora, la Danza de matlachines de la comunidad \u201cEl Visitador\u201d, Zacatecas.<\/p>\n<p>Con eso, narr\u00f3, a trav\u00e9s de sus pisadas, una tradici\u00f3n heredada por sus antepasados.<\/p>\n<p>A su vez, el Ballet Folcl\u00f3rico \u201cTenamaxtle\u201d de Nochistl\u00e1n, agrupaci\u00f3n que abri\u00f3 el foro de Plaza de Armas, encant\u00f3 a los presentes con su zapateado.<\/p>\n<p>Entonces, al ritmo caracter\u00edstico del sur de esta tierra.<\/p>\n<h4>Ademas que en este mismo foro, se cont\u00f3 con la participaci\u00f3n del Ballet Folkl\u00f3rico \u201cTeocalli\u201d, de Zapopan, Jalisco.<\/h4>\n<p>As\u00ed mismo, el Ballet Folkl\u00f3rico de la Universidad Tecnol\u00f3gica de Panam\u00e1.<\/p>\n<p>En la escena musical, el conjunto \u201cTradici\u00f3n Jarabera Zacatecana\u201d fue acogido en el foro de M\u00fasica y Fandango Popular.<\/p>\n<p>El que est\u00e1 situado en Plazuela Miguel Auza, donde deleit\u00f3 al p\u00fablico con los ritmos antiguos de Zacatecas.<\/p>\n<p>Entonces posterior a su presentaci\u00f3n, se cont\u00f3 con la intervenci\u00f3n de la agrupaci\u00f3n musical \u201cDanzar\u201d, de Colombia.<\/p>\n<p>Dentro del programa de gala, en el Teatro Fernando Calder\u00f3n, el Ballet Folkl\u00f3rico \u201cGustavo Vaquera\u201d.<\/p>\n<p>Ademas del Ballet Folcl\u00f3rico del Instituto Tecnol\u00f3gico de la Paz, de Baja California Sur.<\/p>\n<p>Con eso mismo se complacieron a los asistentes mediante el ritmo y su representativo folclor.<\/p>\n<p>Finalmente, en Guadalupe, Zacatecas, se hizo presente el ensamble folkl\u00f3rico \u201cTezcatl Tlalli\u201d y la compa\u00f1\u00eda folkl\u00f3rica \u201cGuaitil\u201d de Costa Rica.<\/p>\n<p>Mientras que, en los municipios de Jerez, Morelos, Te\u00fal de Gonz\u00e1lez Ortega y Villa Garc\u00eda.<\/p>\n<p>Con eso, se cont\u00f3 con la muestra danc\u00edstica de Argentina, Chile, Veracruz y Bolivia, respectivamente.<\/p>\n","protected":false},"excerpt":{"rendered":"<p>Con la participaci\u00f3n de 10 agrupaciones municipales y siete m\u00e1s de la capital, se reconoce el talento zacatecano dentro del FZFI 2022 FZFI 2022: Colombia, Panam\u00e1, Costa Rica, Baja California Sur y Jalisco, se sumaron a las actividades de este viernes A fin de potenciar el valor cultural, art\u00edstico e hist\u00f3rico del estado, para contribuir [&hellip;]<\/p>\n","protected":false},"author":1,"featured_media":8125,"comment_status":"open","ping_status":"closed","sticky":false,"template":"","format":"standard","meta":{"footnotes":""},"categories":[2,7],"tags":[],"class_list":["post-8123","post","type-post","status-publish","format-standard","has-post-thumbnail","hentry","category-cultural","category-nacional"],"_links":{"self":[{"href":"https:\/\/podernacional.com\/index.php?rest_route=\/wp\/v2\/posts\/8123","targetHints":{"allow":["GET"]}}],"collection":[{"href":"https:\/\/podernacional.com\/index.php?rest_route=\/wp\/v2\/posts"}],"about":[{"href":"https:\/\/podernacional.com\/index.php?rest_route=\/wp\/v2\/types\/post"}],"author":[{"embeddable":true,"href":"https:\/\/podernacional.com\/index.php?rest_route=\/wp\/v2\/users\/1"}],"replies":[{"embeddable":true,"href":"https:\/\/podernacional.com\/index.php?rest_route=%2Fwp%2Fv2%2Fcomments&post=8123"}],"version-history":[{"count":1,"href":"https:\/\/podernacional.com\/index.php?rest_route=\/wp\/v2\/posts\/8123\/revisions"}],"predecessor-version":[{"id":8124,"href":"https:\/\/podernacional.com\/index.php?rest_route=\/wp\/v2\/posts\/8123\/revisions\/8124"}],"wp:featuredmedia":[{"embeddable":true,"href":"https:\/\/podernacional.com\/index.php?rest_route=\/wp\/v2\/media\/8125"}],"wp:attachment":[{"href":"https:\/\/podernacional.com\/index.php?rest_route=%2Fwp%2Fv2%2Fmedia&parent=8123"}],"wp:term":[{"taxonomy":"category","embeddable":true,"href":"https:\/\/podernacional.com\/index.php?rest_route=%2Fwp%2Fv2%2Fcategories&post=8123"},{"taxonomy":"post_tag","embeddable":true,"href":"https:\/\/podernacional.com\/index.php?rest_route=%2Fwp%2Fv2%2Ftags&post=8123"}],"curies":[{"name":"wp","href":"https:\/\/api.w.org\/{rel}","templated":true}]}}