{"id":8129,"date":"2022-08-06T20:30:45","date_gmt":"2022-08-07T01:30:45","guid":{"rendered":"https:\/\/podernacional.com\/?p=8129"},"modified":"2022-08-07T01:30:46","modified_gmt":"2022-08-07T01:30:46","slug":"las-smart-battery-modernas-apple-ya-vendia-baterias-externas-en-los-80","status":"publish","type":"post","link":"https:\/\/podernacional.com\/?p=8129","title":{"rendered":"\u00bfLas Smart Battery, modernas? Apple ya vend\u00eda bater\u00edas externas en los 80"},"content":{"rendered":"<h4><a href=\"https:\/\/www.apple.com\/la\/buy\/\">Apple<\/a> ya vend\u00eda bater\u00edas externas en los 80<\/h4>\n<p>Smart Battery: Si cre\u00edas que las bater\u00edas externas que tanto conocemos hoy se han originado fruto de la demanda de energ\u00eda.<\/p>\n<p>Ademas con esto el auge de todos los dispositivos y accesorios que llevamos siempre encima, andas muy equivocado.<\/p>\n<p>Hace varias d\u00e9cadas que Apple ya ten\u00eda una bater\u00eda externa, aunque l\u00f3gicamente no se parec\u00eda en nada a lo que tenemos hoy.<\/p>\n<p>Una aut\u00e9ntica \u00abpetaca\u00bb de energ\u00eda<\/p>\n<p>Puedes ver esta bater\u00eda en el tuit de arriba, pensada para el Macintosh Portable y situaciones en las que enchufarlo a la corriente era imposible.<\/p>\n<p>Otorgaba entre 5 y 10 horas de autonom\u00eda, algo ins\u00f3lito para finales de los 80. En Reddit comparten fotograf\u00edas de su embalaje original:<\/p>\n<p>En su interior, tres grandes pilas recargables y conectadas entre s\u00ed para que funcionen al un\u00edsono.<\/p>\n<p>Y lo curioso es que son unas pilas que a\u00fan se venden en los Estados Unidos, la empresa que las fabrica sigue en pie:<\/p>\n<p>Afortunadamente, las bater\u00edas externas que usamos hoy en d\u00eda son m\u00e1s compactas y se dedican a alimentar a dispositivos port\u00e1tiles m\u00e1s peque\u00f1os.<\/p>\n<p>Con las autonom\u00edas de 15-20 horas que tienen los MacBook con Apple Silicon m\u00e1s populares, no necesitamos esas cargas adicionales.<\/p>\n<p>Me encantar\u00eda ver la reacci\u00f3n de los primeros ingenieros de los Macintosh originales.<\/p>\n<p>\u201cSi vieran que ahora las bater\u00edas pueden incluso cargar los dispositivos sin cables\u201d.<\/p>\n<p>\u00bfLas Smart Battery? Apple ya vend\u00eda bater\u00edas externas en los 80: Analisis<\/p>\n","protected":false},"excerpt":{"rendered":"<p>Apple ya vend\u00eda bater\u00edas externas en los 80 Smart Battery: Si cre\u00edas que las bater\u00edas externas que tanto conocemos hoy se han originado fruto de la demanda de energ\u00eda. Ademas con esto el auge de todos los dispositivos y accesorios que llevamos siempre encima, andas muy equivocado. Hace varias d\u00e9cadas que Apple ya ten\u00eda una [&hellip;]<\/p>\n","protected":false},"author":1,"featured_media":8131,"comment_status":"open","ping_status":"closed","sticky":false,"template":"","format":"standard","meta":{"footnotes":""},"categories":[5,9,13],"tags":[],"class_list":["post-8129","post","type-post","status-publish","format-standard","has-post-thumbnail","hentry","category-internacional","category-politica","category-tecnologia"],"_links":{"self":[{"href":"https:\/\/podernacional.com\/index.php?rest_route=\/wp\/v2\/posts\/8129","targetHints":{"allow":["GET"]}}],"collection":[{"href":"https:\/\/podernacional.com\/index.php?rest_route=\/wp\/v2\/posts"}],"about":[{"href":"https:\/\/podernacional.com\/index.php?rest_route=\/wp\/v2\/types\/post"}],"author":[{"embeddable":true,"href":"https:\/\/podernacional.com\/index.php?rest_route=\/wp\/v2\/users\/1"}],"replies":[{"embeddable":true,"href":"https:\/\/podernacional.com\/index.php?rest_route=%2Fwp%2Fv2%2Fcomments&post=8129"}],"version-history":[{"count":1,"href":"https:\/\/podernacional.com\/index.php?rest_route=\/wp\/v2\/posts\/8129\/revisions"}],"predecessor-version":[{"id":8130,"href":"https:\/\/podernacional.com\/index.php?rest_route=\/wp\/v2\/posts\/8129\/revisions\/8130"}],"wp:featuredmedia":[{"embeddable":true,"href":"https:\/\/podernacional.com\/index.php?rest_route=\/wp\/v2\/media\/8131"}],"wp:attachment":[{"href":"https:\/\/podernacional.com\/index.php?rest_route=%2Fwp%2Fv2%2Fmedia&parent=8129"}],"wp:term":[{"taxonomy":"category","embeddable":true,"href":"https:\/\/podernacional.com\/index.php?rest_route=%2Fwp%2Fv2%2Fcategories&post=8129"},{"taxonomy":"post_tag","embeddable":true,"href":"https:\/\/podernacional.com\/index.php?rest_route=%2Fwp%2Fv2%2Ftags&post=8129"}],"curies":[{"name":"wp","href":"https:\/\/api.w.org\/{rel}","templated":true}]}}