{"id":8132,"date":"2022-08-06T20:38:01","date_gmt":"2022-08-07T01:38:01","guid":{"rendered":"https:\/\/podernacional.com\/?p=8132"},"modified":"2022-08-07T01:38:02","modified_gmt":"2022-08-07T01:38:02","slug":"viruela-del-mono-en-mexico-confirman-6-contagios-mas-en-jalisco-suma-28","status":"publish","type":"post","link":"https:\/\/podernacional.com\/?p=8132","title":{"rendered":"Viruela del mono en M\u00e9xico: Confirman 6 contagios m\u00e1s en Jalisco; suma 28"},"content":{"rendered":"<h4>La entidad se ubica en el segundo lugar de incidencia, con 28 contagios de viruela del mono.<\/h4>\n<p>Viruela del mono: Los seis nuevos casos fueron confirmados por el Instituto de Diagn\u00f3stico y Referencia Epidemiol\u00f3gicos \u201cDr. Manuel Mart\u00ednez B\u00e1ez\u201d<\/p>\n<p>En Jalisco se confirman seis nuevos casos de viruela del mono, para dar un total de 28 contagios de la enfermedad.<\/p>\n<p>Ademas que ocupa el segundo lugar en incidencia estad\u00edstica.<\/p>\n<p>En los 125 municipios del estado se mantiene el protocolo para otorgar orientaci\u00f3n, atenci\u00f3n.<\/p>\n<p>As\u00ed como de permanecer en alerta en todas las unidades m\u00e9dicas del sector salud; en comunicaci\u00f3n para la referencia y confirmaci\u00f3n de casos probables.<\/p>\n<p>Los seis nuevos casos fueron confirmados por el Instituto de Diagn\u00f3stico y Referencia Epidemiol\u00f3gicos \u201cDr. Manuel Mart\u00ednez B\u00e1ez\u201d (InDRE).<\/p>\n<p>Por ende, se trata de seis varones, dos residentes de Guadalajara, dos de Tlaquepaque, y dos de Puerto Vallarta.<\/p>\n<p>Uno de los cuales es de nacionalidad colombiana. Destacan dos casos que refieren contacto previo con extranjeros.<\/p>\n<p>La<a href=\"https:\/\/ssj.jalisco.gob.mx\/\"> Secretaria de Salud Jalisco<\/a>, (SSJ), extendi\u00f3 el cerco sanitario a las personas que integran el primer c\u00edrculo de los afectados.<\/p>\n<h4>Como parte de la investigaci\u00f3n Epidemiol\u00f3gica e investigaci\u00f3n.<\/h4>\n<p>La dependencia confirma que casi la mitad de los contagiados tienen entre 30 y 39 a\u00f1os, y los casos se encuentran distribuidos en 15 entidades del <a href=\"https:\/\/whatsappmexico.com\/?p=8190\">pa\u00eds<\/a><\/p>\n<p>La Ciudad de M\u00e9xico acumula un mayor n\u00famero de contagios.<\/p>\n<p>Luego Jalisco, Nuevo Le\u00f3n, Tabasco, Veracruz, Oaxaca, Puebla, Quintana Roo y Yucat\u00e1n.<\/p>\n<p>Adem\u00e1s de Baja California Sur, Colima, Chiapas y Sinaloa.<\/p>\n<p>M\u00e1s casos de hepatitis aguda grave<\/p>\n<p>Por otra parte, la SSJ identific\u00f3 un nuevo caso sospechoso de hepatitis aguda grave de origen desconocido.<\/p>\n<p>El cual es con el que suman doce pacientes atendidos en unidades m\u00e9dicas de la entidad jalisciense.<\/p>\n<p>Donde contin\u00faa la vigilancia epidemiol\u00f3gica y la b\u00fasqueda activa de posibles afectados por el padecimiento.<\/p>\n<p>El nuevo caso corresponde a un ni\u00f1o de once meses de edad, residente del municipio de Guadalajara.<\/p>\n<p>Actualmente es atendido en un hospital privado, y su estado de salud se reporta como estable.<\/p>\n<h4>Viruela del mono es emergencia de salud en EU: \u00bfCu\u00e1les son los pa\u00edses con m\u00e1s casos?<\/h4>\n<p>Del total de casos, seis pacientes se reportan estables, cuatro de ellos ya est\u00e1n en su casa; otros tres se reportan en estado grave.<\/p>\n<p>Se han notificado tres defunciones, se trata de un paciente de 2 a\u00f1os, 7 meses referido de Tabasco, otro paciente de 4 meses.<\/p>\n<p>As\u00ed como uno referido de Nayarit, y un paciente de 7 a\u00f1os, residente de Zapopan.<\/p>\n<p>Se informa que los casos se encuentran en 24 entidades federativas, y la Ciudad de M\u00e9xico lidera los casos.<\/p>\n<p>En segundo sitio se ubica al Estado de M\u00e9xico, le sigue Nuevo Le\u00f3n, luego Jalisco, despu\u00e9s Campeche, Veracruz, e Hidalgo.<\/p>\n<p>Luego Puebla, y Tamaulipas con el mayor n\u00famero de contagios.<\/p>\n<p>En cuanto a la distribuci\u00f3n por sexo, predominan los varones en un 53 por ciento.<\/p>\n<p>Ademas del grupo etario m\u00e1s afectado oscila entre 0 y 5 a\u00f1os<\/p>\n<p>La Secretar\u00eda de Salud Jalisco recomienda a los padres, madres o tutores que.<\/p>\n<p>En caso de detectar coloraci\u00f3n amarilla de la piel, ojos amarillos, dolor abdominal, dir\u00eda o vomito, orina oscura y materia fecal de color blanco.<\/p>\n<p>Acudan a una unidad de salud para recibir atenci\u00f3n oportuna.<\/p>\n<p>Hasta el momento, 35 pa\u00edses han notificado casos, y el mayor n\u00famero de afectados se verifica en Estados Unidos y el Reino Unido.<\/p>\n","protected":false},"excerpt":{"rendered":"<p>La entidad se ubica en el segundo lugar de incidencia, con 28 contagios de viruela del mono. Viruela del mono: Los seis nuevos casos fueron confirmados por el Instituto de Diagn\u00f3stico y Referencia Epidemiol\u00f3gicos \u201cDr. Manuel Mart\u00ednez B\u00e1ez\u201d En Jalisco se confirman seis nuevos casos de viruela del mono, para dar un total de 28 [&hellip;]<\/p>\n","protected":false},"author":1,"featured_media":8134,"comment_status":"open","ping_status":"closed","sticky":false,"template":"","format":"standard","meta":{"footnotes":""},"categories":[7,11],"tags":[],"class_list":["post-8132","post","type-post","status-publish","format-standard","has-post-thumbnail","hentry","category-nacional","category-salud"],"_links":{"self":[{"href":"https:\/\/podernacional.com\/index.php?rest_route=\/wp\/v2\/posts\/8132","targetHints":{"allow":["GET"]}}],"collection":[{"href":"https:\/\/podernacional.com\/index.php?rest_route=\/wp\/v2\/posts"}],"about":[{"href":"https:\/\/podernacional.com\/index.php?rest_route=\/wp\/v2\/types\/post"}],"author":[{"embeddable":true,"href":"https:\/\/podernacional.com\/index.php?rest_route=\/wp\/v2\/users\/1"}],"replies":[{"embeddable":true,"href":"https:\/\/podernacional.com\/index.php?rest_route=%2Fwp%2Fv2%2Fcomments&post=8132"}],"version-history":[{"count":1,"href":"https:\/\/podernacional.com\/index.php?rest_route=\/wp\/v2\/posts\/8132\/revisions"}],"predecessor-version":[{"id":8133,"href":"https:\/\/podernacional.com\/index.php?rest_route=\/wp\/v2\/posts\/8132\/revisions\/8133"}],"wp:featuredmedia":[{"embeddable":true,"href":"https:\/\/podernacional.com\/index.php?rest_route=\/wp\/v2\/media\/8134"}],"wp:attachment":[{"href":"https:\/\/podernacional.com\/index.php?rest_route=%2Fwp%2Fv2%2Fmedia&parent=8132"}],"wp:term":[{"taxonomy":"category","embeddable":true,"href":"https:\/\/podernacional.com\/index.php?rest_route=%2Fwp%2Fv2%2Fcategories&post=8132"},{"taxonomy":"post_tag","embeddable":true,"href":"https:\/\/podernacional.com\/index.php?rest_route=%2Fwp%2Fv2%2Ftags&post=8132"}],"curies":[{"name":"wp","href":"https:\/\/api.w.org\/{rel}","templated":true}]}}