{"id":8135,"date":"2022-08-06T20:43:28","date_gmt":"2022-08-07T01:43:28","guid":{"rendered":"https:\/\/podernacional.com\/?p=8135"},"modified":"2022-08-07T01:43:30","modified_gmt":"2022-08-07T01:43:30","slug":"pemex-y-las-fuerzas-armadas-de-mexico-volaran-a-cuba-para-combatir-incendio","status":"publish","type":"post","link":"https:\/\/podernacional.com\/?p=8135","title":{"rendered":"Pemex y las Fuerzas Armadas de M\u00e9xico volar\u00e1n a Cuba para combatir incendio"},"content":{"rendered":"<h4>El presidente de Cuba, Miguel D\u00edaz-Canel, expres\u00f3 su agradecimiento a M\u00e9xico y a otros pa\u00edses que se comprometieron a apoyar a mitigar el incendio.<\/h4>\n<p>Pemex y las Fuerzas Armadas: Un helic\u00f3ptero arroja agua sobre la Base de Supertanqueros de Matanzas, en Cuba.<\/p>\n<p>Trabajadores de Petr\u00f3leos Mexicanos (Pemex), de la Secretar\u00eda de Marina Armada, del Ej\u00e9rcito y Fuerza A\u00e9rea Mexicanos.<\/p>\n<p>Los cuales quienes son expertos en controlar incendios.<\/p>\n<p>As\u00ed mismo, volar\u00e1n a Cuba para ayudar a mitigar el incendio que ha dejado por lo menos 77 personas heridas.<\/p>\n<p>As\u00ed lo dio a conocer este s\u00e1bado 6 de agosto el presidente de Cuba, Miguel D\u00edaz-Canel.<\/p>\n<p>Quien expres\u00f3 su agradecimiento a M\u00e9xico y a otros pa\u00edses que se comprometieron a apoyar a combatir las flamas.<\/p>\n<p>\u201cExpresamos profunda gratitud a los gobiernos de M\u00e9xico, Venezuela, Rusia, Nicaragua, Argentina y Chile\u201d.<\/p>\n<p>\u201cAdemas que con prontitud han ofrecido ayuda material solidaria ante esta compleja situaci\u00f3n\u201d, escribi\u00f3 en su cuenta de Twitter.<\/p>\n<p>Tambi\u00e9n mostr\u00f3 su respeto y agradecimiento a Estados Unidos por la asesor\u00eda t\u00e9cnica que le ha brindado.<\/p>\n<p>El presidente Andr\u00e9s Manuel L\u00f3pez Obrador confirm\u00f3 este d\u00eda, en su gira de trabajo por Colima.<\/p>\n<p>Que su administraci\u00f3n va a apoyar con el control del incendio.<\/p>\n<h4>Rayo incendia tanque de crudo en Cuba<\/h4>\n<p>Un incendio provocado por el impacto de un rayo en un tanque de almacenamiento de crudo en la ciudad cubana de Matanzas.<\/p>\n<p>El cual luego se expandi\u00f3, ocasion\u00f3 casi 80 personas lesionadas.<\/p>\n<p>Al mismo tiempo que bomberos y personal especializado trataban de contener el fuego que segu\u00eda sin control el s\u00e1bado.<\/p>\n<p>El incidente comenz\u00f3 el viernes por la noche, cuando hubo una tormenta el\u00e9ctrica en la zona de la Base de Supertanqueros de Matanzas.<\/p>\n<p>El cual inform\u00f3 el Ministerio de Energ\u00eda y Minas.<\/p>\n<p>D\u00eda de la Rebeld\u00eda Nacional: Amaury P\u00e9rez agradece a AMLO por \u2018valent\u00eda\u2019 de defender a Cuba<\/p>\n<p>Para el s\u00e1bado hab\u00eda unas 77 personas lesionadas y 17 bomberos desaparecidos, se\u00f1alaron las autoridades.<\/p>\n<p>Los residentes de un barrio vecino fueron evacuados y una densa columna de humo negro era arrastrada por el viento hacia La Habana, la capital.<\/p>\n<p>El fuego no pudo ser sofocado pese a la labor de bomberos y especialistas, por lo que continuaba.<\/p>\n<p>Ademas de estar involucrando adem\u00e1s a los contenedores de combustibles colindantes.<\/p>\n<p>Las autoridades reportaron por lo menos cuatro explosiones y dos tanques incendi\u00e1ndose e informaron que pedir\u00e1n ayuda a expertos internacionales.<\/p>\n<p>Pemex y las Fuerzas Armadas volar\u00e1n a Cuba para combatir incendio<\/p>\n","protected":false},"excerpt":{"rendered":"<p>El presidente de Cuba, Miguel D\u00edaz-Canel, expres\u00f3 su agradecimiento a M\u00e9xico y a otros pa\u00edses que se comprometieron a apoyar a mitigar el incendio. Pemex y las Fuerzas Armadas: Un helic\u00f3ptero arroja agua sobre la Base de Supertanqueros de Matanzas, en Cuba. Trabajadores de Petr\u00f3leos Mexicanos (Pemex), de la Secretar\u00eda de Marina Armada, del Ej\u00e9rcito [&hellip;]<\/p>\n","protected":false},"author":1,"featured_media":8137,"comment_status":"open","ping_status":"closed","sticky":false,"template":"","format":"standard","meta":{"footnotes":""},"categories":[5,7,9],"tags":[],"class_list":["post-8135","post","type-post","status-publish","format-standard","has-post-thumbnail","hentry","category-internacional","category-nacional","category-politica"],"_links":{"self":[{"href":"https:\/\/podernacional.com\/index.php?rest_route=\/wp\/v2\/posts\/8135","targetHints":{"allow":["GET"]}}],"collection":[{"href":"https:\/\/podernacional.com\/index.php?rest_route=\/wp\/v2\/posts"}],"about":[{"href":"https:\/\/podernacional.com\/index.php?rest_route=\/wp\/v2\/types\/post"}],"author":[{"embeddable":true,"href":"https:\/\/podernacional.com\/index.php?rest_route=\/wp\/v2\/users\/1"}],"replies":[{"embeddable":true,"href":"https:\/\/podernacional.com\/index.php?rest_route=%2Fwp%2Fv2%2Fcomments&post=8135"}],"version-history":[{"count":1,"href":"https:\/\/podernacional.com\/index.php?rest_route=\/wp\/v2\/posts\/8135\/revisions"}],"predecessor-version":[{"id":8136,"href":"https:\/\/podernacional.com\/index.php?rest_route=\/wp\/v2\/posts\/8135\/revisions\/8136"}],"wp:featuredmedia":[{"embeddable":true,"href":"https:\/\/podernacional.com\/index.php?rest_route=\/wp\/v2\/media\/8137"}],"wp:attachment":[{"href":"https:\/\/podernacional.com\/index.php?rest_route=%2Fwp%2Fv2%2Fmedia&parent=8135"}],"wp:term":[{"taxonomy":"category","embeddable":true,"href":"https:\/\/podernacional.com\/index.php?rest_route=%2Fwp%2Fv2%2Fcategories&post=8135"},{"taxonomy":"post_tag","embeddable":true,"href":"https:\/\/podernacional.com\/index.php?rest_route=%2Fwp%2Fv2%2Ftags&post=8135"}],"curies":[{"name":"wp","href":"https:\/\/api.w.org\/{rel}","templated":true}]}}