{"id":8141,"date":"2022-08-08T19:25:24","date_gmt":"2022-08-09T00:25:24","guid":{"rendered":"https:\/\/podernacional.com\/?p=8141"},"modified":"2022-08-09T00:25:25","modified_gmt":"2022-08-09T00:25:25","slug":"destacan-grupos-de-hip-hop-de-pueblos-originarios-en-festival-y-expo-venta-chiwawa-natepaliame","status":"publish","type":"post","link":"https:\/\/podernacional.com\/?p=8141","title":{"rendered":"Destacan grupos de hip hop de pueblos originarios en Festival y Expo venta Chiwawa Natep\u00e1liame"},"content":{"rendered":"<h4>La sociedad chihuahuense acudi\u00f3 al llamado.<\/h4>\n<p>Chiwawa Natep\u00e1liame: Ademas que consumi\u00f3 una amplia variedad de productos, comida y disfrut\u00f3 de las presentaciones para conmemorar el D\u00eda de los Pueblos Ind\u00edgenas<\/p>\n<p>Una destacada participaci\u00f3n tuvieron los exponentes de hip hop Kaluwa y Mus\u00e1, Leonel Reyes y RapR\u00e1muri.<\/p>\n<p>As\u00ed como de grupos conformados por j\u00f3venes provenientes de los pueblos originarios.<\/p>\n<p>Ademas de durante el festival y expo venta Chiwawa Natepali\u00e1me (Encuentro Chihuahua), el cual cont\u00f3 con m\u00e1s de 140 artesanos y cocineros.<\/p>\n<p>Adem\u00e1s de m\u00e1s de 20 demostraciones art\u00edsticas, as\u00ed como danzas tradicionales.<\/p>\n<p>Cabe recordar que esta expo inici\u00f3 el pasado viernes y en la ceremonia de inauguraci\u00f3n se cont\u00f3 con la presencia.<\/p>\n<p>As\u00ed como de la\u00a0participaci\u00f3n de la gobernadora Maru Campos y de Bertha Dimas Huacuz, coordinadora general de Patrimonio Cultural.<\/p>\n<p>Ademas de\u00a0Educaci\u00f3n Ind\u00edgena del Instituto Nacional de los Pueblos Ind\u00edgenas (INPI).<\/p>\n<p>De viernes a domingo, las y los asistentes disfrutaron del programa art\u00edstico que arranc\u00f3 con la danza de matachines de la baja tarahumara.<\/p>\n<p>El pueblo \u00d3dami se hizo presente con la m\u00fasica y danza del grupo Yossigai, para posteriormente finalizar el d\u00eda con la famosa cumbia rar\u00e1muri.<\/p>\n<h4>A\u00a0cargo de Los Temalis, con la cual el p\u00fablico bail\u00f3 con gran alegr\u00eda.<\/h4>\n<p>El d\u00eda s\u00e1bado desde muy temprano, las personas que visitaron la feria pudieron adquirir de la amplia variedad artesan\u00edas y art\u00edculos como:<\/p>\n<p>Wares, ollas, textiles, pulseras y collares, hechos de distintos materiales y colores, as\u00ed como de la creatividad de diferentes pueblos y comunidades de pueblos originarios.<\/p>\n<p>Los pueblos del sur participaron con sus ya conocidas quesadillas de gran variedad de guisos.<\/p>\n<p>Entre ellos de chicharr\u00f3n prensado y huitlacoche.<\/p>\n<p>Adem\u00e1s de sus ricas aguas de fruta natural para refrescar las altas temperaturas que se presentaron en la ciudad.<\/p>\n<p>Tambi\u00e9n se cont\u00f3 con la participaci\u00f3n de folk\/rock a cargo de Nahual del sol, y el gran talento de Tino Perea con sus teclados.<\/p>\n<p>Ademas\u00a0quienes forman parte del proyecto Tradici\u00f3n y nuevas rolas a cargo de la Direcci\u00f3n General de Culturas Populares.<\/p>\n<p>Las danzas tambi\u00e9n estuvieron presentes a cargo del pueblo mazahua, de las comunidades sur y norte de la Capital.<\/p>\n<p>As\u00ed como tambi\u00e9n los tradicionales pascoles de las comunidades ind\u00edgenas urbanas de Chihuahua.<\/p>\n<p>Con gran afluencia y entusiasmo, cientos de personas acudieron a danzar.<\/p>\n<p>Ademas de disfrutar de las presentaciones art\u00edsticas del grupo de Guapalayna y del talento de los Humildes de la Sierra.<\/p>\n<h4>Quienes estuvieron a cargo del cierre del s\u00e1bado por la noche y llenaron la pista de baile.<\/h4>\n<p>El d\u00eda domingo en representaci\u00f3n de los municipios de Guadalupe y Calvo, Guachochi y Madera estuvieron los coros de:<\/p>\n<p>Muracharachi, la Princesa Pima, y los danzantes del pueblo \u00f3dami y rar\u00e1muri.<\/p>\n<p>Tambi\u00e9n se realiz\u00f3 la presentaci\u00f3n de una danza tradicional del pueblo n\u2019dee y los cantos de los ni\u00f1os Noly.<\/p>\n<p>El gran cierre estuvo a cargo del grupo de Martin Mak\u00e1wi y los atrevidos.<\/p>\n<p>Quienes presentaron su cumbia rar\u00e1muri para concluir con \u00e9xito el festival Chiwawa Natep\u00e1liame y llenar de alegr\u00eda a las y los presentes.<\/p>\n<p>El Gobierno del Estado y el Gobierno Federal, agradecen ampliamente la participaci\u00f3n de la sociedad chihuahuense.<\/p>\n<p>Ya que la derrama econ\u00f3mica generada ayudar\u00e1 a la econom\u00eda de las familias de los participantes en la expoventa.<\/p>\n","protected":false},"excerpt":{"rendered":"<p>La sociedad chihuahuense acudi\u00f3 al llamado. Chiwawa Natep\u00e1liame: Ademas que consumi\u00f3 una amplia variedad de productos, comida y disfrut\u00f3 de las presentaciones para conmemorar el D\u00eda de los Pueblos Ind\u00edgenas Una destacada participaci\u00f3n tuvieron los exponentes de hip hop Kaluwa y Mus\u00e1, Leonel Reyes y RapR\u00e1muri. As\u00ed como de grupos conformados por j\u00f3venes provenientes de [&hellip;]<\/p>\n","protected":false},"author":1,"featured_media":0,"comment_status":"open","ping_status":"closed","sticky":false,"template":"","format":"standard","meta":{"footnotes":""},"categories":[2,7],"tags":[],"class_list":["post-8141","post","type-post","status-publish","format-standard","hentry","category-cultural","category-nacional"],"_links":{"self":[{"href":"https:\/\/podernacional.com\/index.php?rest_route=\/wp\/v2\/posts\/8141","targetHints":{"allow":["GET"]}}],"collection":[{"href":"https:\/\/podernacional.com\/index.php?rest_route=\/wp\/v2\/posts"}],"about":[{"href":"https:\/\/podernacional.com\/index.php?rest_route=\/wp\/v2\/types\/post"}],"author":[{"embeddable":true,"href":"https:\/\/podernacional.com\/index.php?rest_route=\/wp\/v2\/users\/1"}],"replies":[{"embeddable":true,"href":"https:\/\/podernacional.com\/index.php?rest_route=%2Fwp%2Fv2%2Fcomments&post=8141"}],"version-history":[{"count":1,"href":"https:\/\/podernacional.com\/index.php?rest_route=\/wp\/v2\/posts\/8141\/revisions"}],"predecessor-version":[{"id":8142,"href":"https:\/\/podernacional.com\/index.php?rest_route=\/wp\/v2\/posts\/8141\/revisions\/8142"}],"wp:attachment":[{"href":"https:\/\/podernacional.com\/index.php?rest_route=%2Fwp%2Fv2%2Fmedia&parent=8141"}],"wp:term":[{"taxonomy":"category","embeddable":true,"href":"https:\/\/podernacional.com\/index.php?rest_route=%2Fwp%2Fv2%2Fcategories&post=8141"},{"taxonomy":"post_tag","embeddable":true,"href":"https:\/\/podernacional.com\/index.php?rest_route=%2Fwp%2Fv2%2Ftags&post=8141"}],"curies":[{"name":"wp","href":"https:\/\/api.w.org\/{rel}","templated":true}]}}