{"id":8146,"date":"2022-08-08T19:39:39","date_gmt":"2022-08-09T00:39:39","guid":{"rendered":"https:\/\/podernacional.com\/?p=8146"},"modified":"2022-08-09T00:39:41","modified_gmt":"2022-08-09T00:39:41","slug":"piden-regular-y-no-prohibir-espectaculos-en-el-espacio-publico","status":"publish","type":"post","link":"https:\/\/podernacional.com\/?p=8146","title":{"rendered":"Piden regular y no prohibir espect\u00e1culos en el espacio p\u00fablico"},"content":{"rendered":"<h4>Demandan generar propuestas y acompa\u00f1ar el acceso de las diversas expresiones culturales al circuito tur\u00edstico de la ciudad<\/h4>\n<p>Espacio p\u00fablico: Piden a legisladores que discuten la Ley para la Celebraci\u00f3n de Espect\u00e1culos P\u00fablicos.<\/p>\n<p>Por ende, analicen a detalle las restricciones que se incluir\u00e1n en la legislaci\u00f3n para no coartar libertades y derechos.<\/p>\n<p>La Ley para la Celebraci\u00f3n de Espect\u00e1culos P\u00fablicos, se debe regular, pero no prohibir, y privilegiar los intereses p\u00fablicos sobre los de las empresas privadas<\/p>\n<p>Adem\u00e1s de dejar atr\u00e1s las regulaciones \u201cclasistas, racistas, y enaltecer nuestras identidades\u201d.<\/p>\n<p>As\u00ed lo se\u00f1al\u00f3 la diputada Ana Francis L\u00f3pez Bayghen Pati\u00f1o (MORENA).<\/p>\n<p>Ademas de se\u00f1alar que entre las labores de las instituciones de gobierno deber\u00edan estar el generar propuestas.<\/p>\n<p>As\u00ed como de\u00a0acompa\u00f1ar el acceso de las diversas expresiones culturales al circuito tur\u00edstico de la ciudad.<\/p>\n<p>Ya que se podr\u00edan generar importantes ingresos, en beneficio de los ciudadanos dedicados a estas actividades.<\/p>\n<p>Al continuar con el desahogo de las mesas de di\u00e1logo rumbo a la actualizaci\u00f3n de la Ley para la Celebraci\u00f3n de Espect\u00e1culos P\u00fablicos.<\/p>\n<p>Ademas, organizadas por el Congreso de la Ciudad de M\u00e9xico, se abordaron las tem\u00e1ticas:<\/p>\n<p>La regulaci\u00f3n del espacio p\u00fablico para la realizaci\u00f3n de actividades culturales, la creaci\u00f3n de p\u00fablicos y el turismo cultural.<\/p>\n<h4>Sobre el tema, el diputado Jos\u00e9 Fernando Mercado Guaida (MORENA), se refiri\u00f3 a las \u00e1reas de oportunidad en el rubro cultural.<\/h4>\n<p>Asever\u00f3 que hace falta una pol\u00edtica de creaci\u00f3n de p\u00fablicos para los eventos culturales, que a la par incentive el aumento del turismo local.<\/p>\n<p>El cual es para hacer de la cultura un negocio rentable y pr\u00f3spero.<\/p>\n<p>Remarc\u00f3 que es indispensable una pol\u00edtica de creaci\u00f3n de p\u00fablicos, que incentive el turismo en todas las alcald\u00edas de la Ciudad de M\u00e9xico.<\/p>\n<p>Por su parte, Juan Carlos Bonet, secretario ejecutivo del Sistema de Apoyos a la Creaci\u00f3n y a Proyectos Culturales (FONCA).<\/p>\n<p>Por ende, dijo que es indispensable analizar las restricciones que se incluir\u00e1n en la legislaci\u00f3n para no coartar libertades y derechos.<\/p>\n<p>Pero s\u00ed \u201cdelinear bien qu\u00e9 se puede, d\u00f3nde se puede, cu\u00e1ndo se puede, a qu\u00e9 hora se puede y a qu\u00e9 volumen se puede\u201d.<\/p>\n<p>As\u00ed como incorporar la figura de curadur\u00eda.<\/p>\n<p>Es decir, que se regulen los temas que dar\u00e1n origen a los desfiles en la capital.<\/p>\n<p>Ya que pues la mayor\u00eda de ellos son organizados por grandes empresas.<\/p>\n","protected":false},"excerpt":{"rendered":"<p>Demandan generar propuestas y acompa\u00f1ar el acceso de las diversas expresiones culturales al circuito tur\u00edstico de la ciudad Espacio p\u00fablico: Piden a legisladores que discuten la Ley para la Celebraci\u00f3n de Espect\u00e1culos P\u00fablicos. Por ende, analicen a detalle las restricciones que se incluir\u00e1n en la legislaci\u00f3n para no coartar libertades y derechos. La Ley para [&hellip;]<\/p>\n","protected":false},"author":1,"featured_media":8148,"comment_status":"open","ping_status":"closed","sticky":false,"template":"","format":"standard","meta":{"footnotes":""},"categories":[4,5,7],"tags":[],"class_list":["post-8146","post","type-post","status-publish","format-standard","has-post-thumbnail","hentry","category-espectaculos","category-internacional","category-nacional"],"_links":{"self":[{"href":"https:\/\/podernacional.com\/index.php?rest_route=\/wp\/v2\/posts\/8146","targetHints":{"allow":["GET"]}}],"collection":[{"href":"https:\/\/podernacional.com\/index.php?rest_route=\/wp\/v2\/posts"}],"about":[{"href":"https:\/\/podernacional.com\/index.php?rest_route=\/wp\/v2\/types\/post"}],"author":[{"embeddable":true,"href":"https:\/\/podernacional.com\/index.php?rest_route=\/wp\/v2\/users\/1"}],"replies":[{"embeddable":true,"href":"https:\/\/podernacional.com\/index.php?rest_route=%2Fwp%2Fv2%2Fcomments&post=8146"}],"version-history":[{"count":1,"href":"https:\/\/podernacional.com\/index.php?rest_route=\/wp\/v2\/posts\/8146\/revisions"}],"predecessor-version":[{"id":8147,"href":"https:\/\/podernacional.com\/index.php?rest_route=\/wp\/v2\/posts\/8146\/revisions\/8147"}],"wp:featuredmedia":[{"embeddable":true,"href":"https:\/\/podernacional.com\/index.php?rest_route=\/wp\/v2\/media\/8148"}],"wp:attachment":[{"href":"https:\/\/podernacional.com\/index.php?rest_route=%2Fwp%2Fv2%2Fmedia&parent=8146"}],"wp:term":[{"taxonomy":"category","embeddable":true,"href":"https:\/\/podernacional.com\/index.php?rest_route=%2Fwp%2Fv2%2Fcategories&post=8146"},{"taxonomy":"post_tag","embeddable":true,"href":"https:\/\/podernacional.com\/index.php?rest_route=%2Fwp%2Fv2%2Ftags&post=8146"}],"curies":[{"name":"wp","href":"https:\/\/api.w.org\/{rel}","templated":true}]}}