{"id":8149,"date":"2022-08-08T20:30:24","date_gmt":"2022-08-09T01:30:24","guid":{"rendered":"https:\/\/podernacional.com\/?p=8149"},"modified":"2022-08-09T01:30:25","modified_gmt":"2022-08-09T01:30:25","slug":"dia-internacional-del-gato-cuando-celebrarlo","status":"publish","type":"post","link":"https:\/\/podernacional.com\/?p=8149","title":{"rendered":"D\u00eda Internacional del Gato: \u00bfCu\u00e1ndo celebrarlo?"},"content":{"rendered":"<h4>Existen tres fechas para conmemorar a estos animales, \u00bfCu\u00e1l es la m\u00e1s optima para hacerlo?<\/h4>\n<p>Desde el 2002 el 8 de agosto se celebra el D\u00eda Internacional del gato.<\/p>\n<p>Este 8 de agosto se conmemora a uno de los animales m\u00e1s populares en el mundo.<\/p>\n<p>Ademas de ser sin duda el felino m\u00e1s querido por la gente: el D\u00eda Internacional del gato.<\/p>\n<p>Este d\u00eda fue fijado por el Fondo Internacional Para el Bienestar Animal (IFAW por sus siglas en ingl\u00e9s) en el a\u00f1o 2002.<\/p>\n<p>Sin embargo, no es la \u00fanica fecha en la que se celebra los gatos, existen tres fechas de conmemoraci\u00f3n:<\/p>\n<p>El 20 de febrero; 8 de agosto y el 29 de octubre.<\/p>\n<h4>20 de febrero<\/h4>\n<p>Este primer festejo para los michis en el calendario es debido al gato que en su momento el presidente Bill Clinton adopt\u00f3.<\/p>\n<p>\u2018Socks\u2019, el gato de la familia Clinton, fue adoptado en 1991.<\/p>\n<p>No tard\u00f3 en mostrar su carisma, ganando el coraz\u00f3n de todos los estadounidenses.<\/p>\n<p>Sin embargo, a los pocos a\u00f1os el peludo amigo de la Casa Blanca fue diagnosticado con c\u00e1ncer.<\/p>\n<p>El 20 de febrero de 2009, la familia Clinton decidi\u00f3 que lo mejor para el gato era dormirlo.<\/p>\n<p>A partir del fallecimiento de \u2018Socks\u2019 miles de usuarios de las redes sociales decidieron declarar ese d\u00eda el D\u00eda internacional del gato.<\/p>\n<p>Ademas de para conmemorar al michi presidencial.<\/p>\n<h4>8 de agosto<\/h4>\n<p>A partir del 2002, la organizaci\u00f3n creada para el bienestar de los gatos, el Fondo Internacional Para el Bienestar Animal (IFAW por sus siglas en ingl\u00e9s).<\/p>\n<p>Por ende se declar\u00f3 el 8 de agosto como el D\u00eda Internacional del gato.<\/p>\n<p>La organizaci\u00f3n se decidi\u00f3 por este d\u00eda, ya que esta al rededor de la temporada de celo de los gatos.<\/p>\n<p>Los cuales\u00a0se encuentran en el hemisferio norte del planeta.<\/p>\n<p>Este es el &#8216;misterio&#8217; que los gatos esconden en su lengua al acicalarse<\/p>\n<h4>29 de octubre<\/h4>\n<p>Por \u00faltimo, Collen Paige, una experta en el estilo de vida del felino declar\u00f3 el 29 de octubre como:<\/p>\n<p>El D\u00eda Internacional del gato para abrir la conversaci\u00f3n para hacer conciencia respecto a sobre los michis callejeros.<\/p>\n<p>En esta tercera fecha de conmemoraci\u00f3n, Collen busca que las personas le presenten m\u00e1s atenci\u00f3n a los gatos que no tienen familia.<\/p>\n<p>As\u00ed como a los que viven en la calle, para de esta forma promover la adopci\u00f3n de esta espectacular mascota.<\/p>\n<p>&nbsp;<\/p>\n<p>&nbsp;<\/p>\n","protected":false},"excerpt":{"rendered":"<p>Existen tres fechas para conmemorar a estos animales, \u00bfCu\u00e1l es la m\u00e1s optima para hacerlo? Desde el 2002 el 8 de agosto se celebra el D\u00eda Internacional del gato. Este 8 de agosto se conmemora a uno de los animales m\u00e1s populares en el mundo. Ademas de ser sin duda el felino m\u00e1s querido por [&hellip;]<\/p>\n","protected":false},"author":1,"featured_media":8151,"comment_status":"open","ping_status":"closed","sticky":false,"template":"","format":"standard","meta":{"footnotes":""},"categories":[2,5,7],"tags":[],"class_list":["post-8149","post","type-post","status-publish","format-standard","has-post-thumbnail","hentry","category-cultural","category-internacional","category-nacional"],"_links":{"self":[{"href":"https:\/\/podernacional.com\/index.php?rest_route=\/wp\/v2\/posts\/8149","targetHints":{"allow":["GET"]}}],"collection":[{"href":"https:\/\/podernacional.com\/index.php?rest_route=\/wp\/v2\/posts"}],"about":[{"href":"https:\/\/podernacional.com\/index.php?rest_route=\/wp\/v2\/types\/post"}],"author":[{"embeddable":true,"href":"https:\/\/podernacional.com\/index.php?rest_route=\/wp\/v2\/users\/1"}],"replies":[{"embeddable":true,"href":"https:\/\/podernacional.com\/index.php?rest_route=%2Fwp%2Fv2%2Fcomments&post=8149"}],"version-history":[{"count":1,"href":"https:\/\/podernacional.com\/index.php?rest_route=\/wp\/v2\/posts\/8149\/revisions"}],"predecessor-version":[{"id":8150,"href":"https:\/\/podernacional.com\/index.php?rest_route=\/wp\/v2\/posts\/8149\/revisions\/8150"}],"wp:featuredmedia":[{"embeddable":true,"href":"https:\/\/podernacional.com\/index.php?rest_route=\/wp\/v2\/media\/8151"}],"wp:attachment":[{"href":"https:\/\/podernacional.com\/index.php?rest_route=%2Fwp%2Fv2%2Fmedia&parent=8149"}],"wp:term":[{"taxonomy":"category","embeddable":true,"href":"https:\/\/podernacional.com\/index.php?rest_route=%2Fwp%2Fv2%2Fcategories&post=8149"},{"taxonomy":"post_tag","embeddable":true,"href":"https:\/\/podernacional.com\/index.php?rest_route=%2Fwp%2Fv2%2Ftags&post=8149"}],"curies":[{"name":"wp","href":"https:\/\/api.w.org\/{rel}","templated":true}]}}