{"id":815,"date":"2020-08-01T20:34:59","date_gmt":"2020-08-01T20:34:59","guid":{"rendered":"http:\/\/whatsappcancun.com\/?p=815"},"modified":"2020-08-01T20:34:59","modified_gmt":"2020-08-01T20:34:59","slug":"anuncia-amlo-convenio-con-la-onu-para-comprar-vacunas-contra-covid-19","status":"publish","type":"post","link":"https:\/\/podernacional.com\/?p=815","title":{"rendered":"Anuncia AMLO convenio con la ONU para comprar vacunas contra Covid-19"},"content":{"rendered":"\n<p>Tras la aprobaci\u00f3n del Congreso para comprar directamente medicamentos en el extranjero, el presidente Andr\u00e9s Manuel L\u00f3pez Obrador adelant\u00f3 que este viernes suscribir\u00e1 un convenio con la ONU para adquirir vacunas contra Covid-19 en el exterior.<\/p>\n\n\n\n<p>En la ma\u00f1anera, el mandatario anunci\u00f3 que el Estado tendr\u00e1 su propia empresa de distribuci\u00f3n de medicamentos, vacunas y equipo m\u00e9dico, a fin de evitar corrupci\u00f3n y desabasto.<\/p>\n\n\n\n<p>Adem\u00e1s, dijo que David Le\u00f3n Romero, Director de Protecci\u00f3n Civil, ser\u00e1 el encargado de este nuevo proyecto.<\/p>\n","protected":false},"excerpt":{"rendered":"<p>Tras la aprobaci\u00f3n del Congreso para comprar directamente medicamentos en el extranjero, el presidente Andr\u00e9s Manuel L\u00f3pez Obrador adelant\u00f3 que este viernes suscribir\u00e1 un convenio con la ONU para adquirir vacunas contra Covid-19 en el exterior. En la ma\u00f1anera, el mandatario anunci\u00f3 que el Estado tendr\u00e1 su propia empresa de distribuci\u00f3n de medicamentos, vacunas y [&hellip;]<\/p>\n","protected":false},"author":1,"featured_media":817,"comment_status":"open","ping_status":"open","sticky":false,"template":"","format":"standard","meta":{"footnotes":""},"categories":[7],"tags":[],"class_list":["post-815","post","type-post","status-publish","format-standard","has-post-thumbnail","hentry","category-nacional"],"_links":{"self":[{"href":"https:\/\/podernacional.com\/index.php?rest_route=\/wp\/v2\/posts\/815","targetHints":{"allow":["GET"]}}],"collection":[{"href":"https:\/\/podernacional.com\/index.php?rest_route=\/wp\/v2\/posts"}],"about":[{"href":"https:\/\/podernacional.com\/index.php?rest_route=\/wp\/v2\/types\/post"}],"author":[{"embeddable":true,"href":"https:\/\/podernacional.com\/index.php?rest_route=\/wp\/v2\/users\/1"}],"replies":[{"embeddable":true,"href":"https:\/\/podernacional.com\/index.php?rest_route=%2Fwp%2Fv2%2Fcomments&post=815"}],"version-history":[{"count":0,"href":"https:\/\/podernacional.com\/index.php?rest_route=\/wp\/v2\/posts\/815\/revisions"}],"wp:featuredmedia":[{"embeddable":true,"href":"https:\/\/podernacional.com\/index.php?rest_route=\/wp\/v2\/media\/817"}],"wp:attachment":[{"href":"https:\/\/podernacional.com\/index.php?rest_route=%2Fwp%2Fv2%2Fmedia&parent=815"}],"wp:term":[{"taxonomy":"category","embeddable":true,"href":"https:\/\/podernacional.com\/index.php?rest_route=%2Fwp%2Fv2%2Fcategories&post=815"},{"taxonomy":"post_tag","embeddable":true,"href":"https:\/\/podernacional.com\/index.php?rest_route=%2Fwp%2Fv2%2Ftags&post=815"}],"curies":[{"name":"wp","href":"https:\/\/api.w.org\/{rel}","templated":true}]}}