{"id":8152,"date":"2022-08-08T20:36:37","date_gmt":"2022-08-09T01:36:37","guid":{"rendered":"https:\/\/podernacional.com\/?p=8152"},"modified":"2022-08-09T01:36:39","modified_gmt":"2022-08-09T01:36:39","slug":"confirman-feria-del-queso-de-bola-en-cancun","status":"publish","type":"post","link":"https:\/\/podernacional.com\/?p=8152","title":{"rendered":"Confirman feria del queso de bola en Canc\u00fan"},"content":{"rendered":"<h4>Luego de que una imagen circulara en redes sociales, los organizadores confirmaron que el evento se llevar\u00e1 a cabo en la ciudad.<\/h4>\n<p>Feria del queso de bola: Confirman feria del queso de bola en Canc\u00fan.<\/p>\n<p>Llega al Caribe mexicano uno de los eventos con m\u00e1s sabor: la feria del queso de bolsa por fin tendr\u00e1 una edici\u00f3n oficial en Canc\u00fan.<\/p>\n<p>A trav\u00e9s de redes sociales, circul\u00f3 una imagen que despert\u00f3 el inter\u00e9s de los usuarios:<\/p>\n<p>El anuncio de que en Canc\u00fan se llevar\u00e1 a cabo la conocida feria gastron\u00f3mica.<\/p>\n<p>Ademas que se ha llevado a cabo en otros destinos como Chetumal, e incluso en la Ciudad de M\u00e9xico.<\/p>\n<h4>El anuncio provoc\u00f3 dudas entre los usuarios, ya que primeramente circul\u00f3 en grupos de WhatsApp la simp\u00e1tica imagen.<\/h4>\n<p>De la dicha zona hotelera con un queso de bola.<\/p>\n<p>Pero no hab\u00eda confirmaci\u00f3n del evento, y muchos llegaron a pensar que era un meme.<\/p>\n<p>Pero al final, la imagen no era fake news: \u00a1realmente se llevar\u00e1 a cabo la feria del queso de bola en Canc\u00fan!<\/p>\n<p>En su p\u00e1gina de Facebook, los organizadores confirmaron que el evento tendr\u00e1 lugar en <a href=\"https:\/\/www.visitmexico.com\/quintana-roo\/cancun\">Canc\u00fan<\/a>.<\/p>\n<p>Aunque hasta el momento, el lugar y la fecha a\u00fan no se han revelado.<\/p>\n<p>\u00bfQu\u00e9 es la feria del queso de bola?<\/p>\n<p>En el evento se presentan emprendedores, negocios y elementos relacionados no s\u00f3lo con el queso de bolsa, sino con productos locales.<\/p>\n<p>Esto representa una oportunidad para la promoci\u00f3n de peque\u00f1os negocios.<\/p>\n","protected":false},"excerpt":{"rendered":"<p>Luego de que una imagen circulara en redes sociales, los organizadores confirmaron que el evento se llevar\u00e1 a cabo en la ciudad. Feria del queso de bola: Confirman feria del queso de bola en Canc\u00fan. Llega al Caribe mexicano uno de los eventos con m\u00e1s sabor: la feria del queso de bolsa por fin tendr\u00e1 [&hellip;]<\/p>\n","protected":false},"author":1,"featured_media":8154,"comment_status":"open","ping_status":"closed","sticky":false,"template":"","format":"standard","meta":{"footnotes":""},"categories":[2,6,10],"tags":[],"class_list":["post-8152","post","type-post","status-publish","format-standard","has-post-thumbnail","hentry","category-cultural","category-local","category-quintana-roo"],"_links":{"self":[{"href":"https:\/\/podernacional.com\/index.php?rest_route=\/wp\/v2\/posts\/8152","targetHints":{"allow":["GET"]}}],"collection":[{"href":"https:\/\/podernacional.com\/index.php?rest_route=\/wp\/v2\/posts"}],"about":[{"href":"https:\/\/podernacional.com\/index.php?rest_route=\/wp\/v2\/types\/post"}],"author":[{"embeddable":true,"href":"https:\/\/podernacional.com\/index.php?rest_route=\/wp\/v2\/users\/1"}],"replies":[{"embeddable":true,"href":"https:\/\/podernacional.com\/index.php?rest_route=%2Fwp%2Fv2%2Fcomments&post=8152"}],"version-history":[{"count":1,"href":"https:\/\/podernacional.com\/index.php?rest_route=\/wp\/v2\/posts\/8152\/revisions"}],"predecessor-version":[{"id":8153,"href":"https:\/\/podernacional.com\/index.php?rest_route=\/wp\/v2\/posts\/8152\/revisions\/8153"}],"wp:featuredmedia":[{"embeddable":true,"href":"https:\/\/podernacional.com\/index.php?rest_route=\/wp\/v2\/media\/8154"}],"wp:attachment":[{"href":"https:\/\/podernacional.com\/index.php?rest_route=%2Fwp%2Fv2%2Fmedia&parent=8152"}],"wp:term":[{"taxonomy":"category","embeddable":true,"href":"https:\/\/podernacional.com\/index.php?rest_route=%2Fwp%2Fv2%2Fcategories&post=8152"},{"taxonomy":"post_tag","embeddable":true,"href":"https:\/\/podernacional.com\/index.php?rest_route=%2Fwp%2Fv2%2Ftags&post=8152"}],"curies":[{"name":"wp","href":"https:\/\/api.w.org\/{rel}","templated":true}]}}