{"id":8155,"date":"2022-08-08T21:13:08","date_gmt":"2022-08-09T02:13:08","guid":{"rendered":"https:\/\/podernacional.com\/?p=8155"},"modified":"2022-08-09T02:13:09","modified_gmt":"2022-08-09T02:13:09","slug":"para-prevenir-accidentes-zacatecas-tendra-un-centro-de-sanciones-administrativas-anuncia-gobernador-david-monreal","status":"publish","type":"post","link":"https:\/\/podernacional.com\/?p=8155","title":{"rendered":"Para prevenir accidentes, Zacatecas tendr\u00e1 un Centro de Sanciones Administrativas, anuncia Gobernador David Monreal"},"content":{"rendered":"<h4>El mandatario realiz\u00f3 un recorrido de supervisi\u00f3n; asegur\u00f3 que ser\u00e1 uno de los mejores del pa\u00eds, siempre en apego a los derechos humanos<\/h4>\n<p>Prevenir accidentes: S\u00f3lo aplicar\u00e1 para quienes se les detecte un grado de alcohol superior a los 0.40; las multas tendr\u00e1n un costo promedio de 10 mil pesos<\/p>\n<p>Con el fin de prevenir accidentes y resguardar la seguridad de las y los zacatecanos, el Gobernador David Monreal \u00c1vila.<\/p>\n<p>Con esto se supervis\u00f3 los trabajos de equipamiento del Centro de Sanciones Administrativas.<\/p>\n<p>Con el objetivo de ponerlo en funcionamiento a mediados del mes de septiembre.<\/p>\n<p>Se trata de un espacio conformado por seis celdas y un cuarto de retenci\u00f3n.<\/p>\n<p>A\u00a0donde se llevar\u00e1 a las personas que conduzcan en exceso de estado inconveniente.<\/p>\n<p>Toda vez que se busca cuidar su vida y la de terceros, dijo el mandatario durante un recorrido por el inmueble.<\/p>\n<p>El cual\u00a0ser\u00e1 operado por la Secretar\u00eda de Seguridad P\u00fablica, a trav\u00e9s de la Direcci\u00f3n de Polic\u00eda de Seguridad Vial.<\/p>\n<p>Asegur\u00f3 que tiene el inter\u00e9s de que este Centro de Sanciones Administrativas sea uno de los mejores del pa\u00eds.<\/p>\n<p>Siempre en apego a los derechos humanos, con un marco legal claro y en donde se d\u00e9 atenci\u00f3n psicol\u00f3gica, legal y m\u00e9dica.<\/p>\n<p>Para lograrlo, agreg\u00f3, ya se capacita el personal que estar\u00e1 a cargo de este espacio.<\/p>\n<p>Inform\u00f3 que la inversi\u00f3n para la construcci\u00f3n del edificio estuvo a cargo de la Fundaci\u00f3n Ab InBev y Grupo Modelo.<\/p>\n<p>Sin embargo, el equipamiento y su operaci\u00f3n corresponder\u00e1 al Gobierno de Zacatecas, el cual cubrir\u00e1 el salario de tres jueces, tres secretarios, ocho custodios (cuatro mujeres y cuatro hombres) y un responsable de \u00e1rea.<\/p>\n<h4>Acompa\u00f1ado del Secretario de Seguridad, Adolfo Mar\u00edn, y del Director de Polic\u00eda Vial, Oswaldo Caldera.<\/h4>\n<p>Ademas el Gobernador detall\u00f3 que la capacidad de cada celda ser\u00e1 para seis personas.<\/p>\n<p>(Cuatro para hombres, dos para mujeres y un Centro de Retenci\u00f3n para menores de edad).<\/p>\n<p>S\u00f3lo aplicar\u00e1 para quienes se les detecte un grado de alcohol superior a los 0.40.<\/p>\n<p>En tanto, quienes tengan aliento alcoh\u00f3lico o algunos otros grados de alcoholemia menores recibir\u00e1n la multa ya establecida por ley.<\/p>\n<p>Cabe se\u00f1alar que la multa m\u00ednima para quienes sean llevados a este centro ir\u00e1 de las 120 a 240 Unidades de Medida y Actualizaci\u00f3n (UMA).<\/p>\n<p>Los cuales\u00a0equivalen a un promedio de 10 mil pesos.<\/p>\n<p>El Gobernador inform\u00f3 que el dinero recabado por las sanciones se destinar\u00e1 para fortalecer a las corporaciones policiales.<\/p>\n<p>A\u00f1adi\u00f3, tiene especial inter\u00e9s en que los elementos tengan buen equipo, est\u00e9n correctamente capacitados.<\/p>\n<p>Ademas que tengan salarios dignos y un seguro de vida, porque se debe corresponde al nivel de responsabilidad que tienen.<\/p>\n<p>Finalmente, inform\u00f3 que este Centro de Sanciones Administrativas tendr\u00e1.<\/p>\n<p>Adem\u00e1s de las celdas, un vest\u00edbulo, sala de espera, sala de vigilancia, videograbaci\u00f3n, sala de concientizaci\u00f3n, consultorio.<\/p>\n<p>As\u00ed como de\u00a0barandilla de monitoreo, regaderas, s\u00e9ptico, archivo, patio, comedor, sanitarios, entre otros.<\/p>\n","protected":false},"excerpt":{"rendered":"<p>El mandatario realiz\u00f3 un recorrido de supervisi\u00f3n; asegur\u00f3 que ser\u00e1 uno de los mejores del pa\u00eds, siempre en apego a los derechos humanos Prevenir accidentes: S\u00f3lo aplicar\u00e1 para quienes se les detecte un grado de alcohol superior a los 0.40; las multas tendr\u00e1n un costo promedio de 10 mil pesos Con el fin de prevenir [&hellip;]<\/p>\n","protected":false},"author":1,"featured_media":8157,"comment_status":"open","ping_status":"closed","sticky":false,"template":"","format":"standard","meta":{"footnotes":""},"categories":[7,9],"tags":[],"class_list":["post-8155","post","type-post","status-publish","format-standard","has-post-thumbnail","hentry","category-nacional","category-politica"],"_links":{"self":[{"href":"https:\/\/podernacional.com\/index.php?rest_route=\/wp\/v2\/posts\/8155","targetHints":{"allow":["GET"]}}],"collection":[{"href":"https:\/\/podernacional.com\/index.php?rest_route=\/wp\/v2\/posts"}],"about":[{"href":"https:\/\/podernacional.com\/index.php?rest_route=\/wp\/v2\/types\/post"}],"author":[{"embeddable":true,"href":"https:\/\/podernacional.com\/index.php?rest_route=\/wp\/v2\/users\/1"}],"replies":[{"embeddable":true,"href":"https:\/\/podernacional.com\/index.php?rest_route=%2Fwp%2Fv2%2Fcomments&post=8155"}],"version-history":[{"count":1,"href":"https:\/\/podernacional.com\/index.php?rest_route=\/wp\/v2\/posts\/8155\/revisions"}],"predecessor-version":[{"id":8156,"href":"https:\/\/podernacional.com\/index.php?rest_route=\/wp\/v2\/posts\/8155\/revisions\/8156"}],"wp:featuredmedia":[{"embeddable":true,"href":"https:\/\/podernacional.com\/index.php?rest_route=\/wp\/v2\/media\/8157"}],"wp:attachment":[{"href":"https:\/\/podernacional.com\/index.php?rest_route=%2Fwp%2Fv2%2Fmedia&parent=8155"}],"wp:term":[{"taxonomy":"category","embeddable":true,"href":"https:\/\/podernacional.com\/index.php?rest_route=%2Fwp%2Fv2%2Fcategories&post=8155"},{"taxonomy":"post_tag","embeddable":true,"href":"https:\/\/podernacional.com\/index.php?rest_route=%2Fwp%2Fv2%2Ftags&post=8155"}],"curies":[{"name":"wp","href":"https:\/\/api.w.org\/{rel}","templated":true}]}}