{"id":8167,"date":"2022-08-08T21:33:38","date_gmt":"2022-08-09T02:33:38","guid":{"rendered":"https:\/\/podernacional.com\/?p=8167"},"modified":"2022-08-09T02:33:39","modified_gmt":"2022-08-09T02:33:39","slug":"mexico-y-colombia-pueden-ser-fundamentales-para-unidad-en-america-latina-petro","status":"publish","type":"post","link":"https:\/\/podernacional.com\/?p=8167","title":{"rendered":"M\u00e9xico y Colombia pueden ser fundamentales para unidad en Am\u00e9rica Latina: Petro"},"content":{"rendered":"<h4>El presidente colombiano, Gustavo Petro, asegur\u00f3 que M\u00e9xico y Colombia pueden trabajar en conjunto para encabezar la unidad latinoamericana.<\/h4>\n<p>Petro: M\u00e9xico y Colombia pueden trabajar en conjunto para encabezar la unidad latinoamericana, dijo Petro.<\/p>\n<p>El presidente colombiano, Gustavo Petro, asegur\u00f3 que M\u00e9xico y Colombia pueden jugar un papel fundamental.<\/p>\n<p>Ya que para lograr que los pa\u00edses del continente trabajen en conjunto.<\/p>\n<p>\u201cEl pueblo mexicano y el pueblo colombiano pueden ser fundamentales en la unidad latinoamericana\u201d.<\/p>\n<p>\u201cUna voz grande en el universo que permita que nuestras culturas, nuestra sangre, nuestras luchas puedan tener \u00e9xitos, puedan avanzar\u201d, asegur\u00f3 el presidente colombiano.<\/p>\n<p>Seg\u00fan el presidente colombiano, ambos pa\u00edses tienen historias comunes y problemas similares.<\/p>\n<p>Por lo que asegur\u00f3 que pueden trabajar en conjunto para encabezar la unidad latinoamericana.<\/p>\n<h4>AMLO pide a Petro aplicar la de \u2018primero los pobres\u2019<\/h4>\n<p>Este mensaje fue enviado a trav\u00e9s de las redes sociales del secretario de Relaciones Exteriores.<\/p>\n<p>Con esto, Marcelo Ebrard, quien se reuni\u00f3 con el presidente Petro este lunes.<\/p>\n<p>Durante su encuentro, el canciller le entreg\u00f3 dos bastones de mando de pueblos originarios y afrodescendientes de M\u00e9xico<\/p>\n<p>\u201cComo s\u00edmbolo de la unidad y el respaldo entre ambos pueblos\u201d, y le dese\u00f3 mucho \u00e9xito al presidente Petro.<\/p>\n<p>Al mismo tiempo, el presidente Andr\u00e9s Manuel L\u00f3pez Obrador destac\u00f3 que Colombia tiene esperanza con la llegada de Gustavo Petro a la presidencia.<\/p>\n<p>Ademas que le recomend\u00f3 replicar la f\u00f3rmula que \u00e9l aplica en M\u00e9xico de primero los pobres.<\/p>\n<p>\u201cEstamos muy contentos y ojal\u00e1 y le vaya bien, va a tener una oposici\u00f3n muy activa, fuerte, pero \u00e9l es un hombre con convicciones\u201d.<\/p>\n<p>\u201cYa que\u00a0tiene experiencia pol\u00edtica y sabe bien cu\u00e1l es la f\u00f3rmula para enfrentar a las minor\u00edas conservadoras\u201d.<\/p>\n<p>Los oligarcas que hay en todos los pa\u00edses que se dedican a saquear, a robar y que tienen el control de los medios de informaci\u00f3n.<\/p>\n<p>\u201cAdemas que son los que impulsan las campa\u00f1as de desprestigio, las guerras sucias, porque se apoyan mucho en lo medi\u00e1tico\u201d.<\/p>\n","protected":false},"excerpt":{"rendered":"<p>El presidente colombiano, Gustavo Petro, asegur\u00f3 que M\u00e9xico y Colombia pueden trabajar en conjunto para encabezar la unidad latinoamericana. Petro: M\u00e9xico y Colombia pueden trabajar en conjunto para encabezar la unidad latinoamericana, dijo Petro. El presidente colombiano, Gustavo Petro, asegur\u00f3 que M\u00e9xico y Colombia pueden jugar un papel fundamental. Ya que para lograr que los [&hellip;]<\/p>\n","protected":false},"author":1,"featured_media":8169,"comment_status":"open","ping_status":"closed","sticky":false,"template":"","format":"standard","meta":{"footnotes":""},"categories":[5,9],"tags":[],"class_list":["post-8167","post","type-post","status-publish","format-standard","has-post-thumbnail","hentry","category-internacional","category-politica"],"_links":{"self":[{"href":"https:\/\/podernacional.com\/index.php?rest_route=\/wp\/v2\/posts\/8167","targetHints":{"allow":["GET"]}}],"collection":[{"href":"https:\/\/podernacional.com\/index.php?rest_route=\/wp\/v2\/posts"}],"about":[{"href":"https:\/\/podernacional.com\/index.php?rest_route=\/wp\/v2\/types\/post"}],"author":[{"embeddable":true,"href":"https:\/\/podernacional.com\/index.php?rest_route=\/wp\/v2\/users\/1"}],"replies":[{"embeddable":true,"href":"https:\/\/podernacional.com\/index.php?rest_route=%2Fwp%2Fv2%2Fcomments&post=8167"}],"version-history":[{"count":1,"href":"https:\/\/podernacional.com\/index.php?rest_route=\/wp\/v2\/posts\/8167\/revisions"}],"predecessor-version":[{"id":8168,"href":"https:\/\/podernacional.com\/index.php?rest_route=\/wp\/v2\/posts\/8167\/revisions\/8168"}],"wp:featuredmedia":[{"embeddable":true,"href":"https:\/\/podernacional.com\/index.php?rest_route=\/wp\/v2\/media\/8169"}],"wp:attachment":[{"href":"https:\/\/podernacional.com\/index.php?rest_route=%2Fwp%2Fv2%2Fmedia&parent=8167"}],"wp:term":[{"taxonomy":"category","embeddable":true,"href":"https:\/\/podernacional.com\/index.php?rest_route=%2Fwp%2Fv2%2Fcategories&post=8167"},{"taxonomy":"post_tag","embeddable":true,"href":"https:\/\/podernacional.com\/index.php?rest_route=%2Fwp%2Fv2%2Ftags&post=8167"}],"curies":[{"name":"wp","href":"https:\/\/api.w.org\/{rel}","templated":true}]}}