{"id":8179,"date":"2022-08-09T20:43:41","date_gmt":"2022-08-10T01:43:41","guid":{"rendered":"https:\/\/podernacional.com\/?p=8179"},"modified":"2022-08-10T01:43:42","modified_gmt":"2022-08-10T01:43:42","slug":"dia-internacional-de-los-pueblos-indigenas-que-se-puede-celebrar-en-america-latina","status":"publish","type":"post","link":"https:\/\/podernacional.com\/?p=8179","title":{"rendered":"D\u00eda Internacional de los Pueblos Ind\u00edgenas: \u00bfQu\u00e9 se puede celebrar en Am\u00e9rica Latina?"},"content":{"rendered":"<h4>Los pueblos ind\u00edgenas de Am\u00e9rica Latina sufren violencia, olvido, despojos y viven en el abandono estatal.<\/h4>\n<p>Este martes se conmemora el D\u00eda Internacional de los Pueblos Ind\u00edgenas&#8230; Pero, \u00bfc\u00f3mo viven estas comunidades en Am\u00e9rica Latina?<\/p>\n<p>Es uno de los mayores desaf\u00edos sociales de Am\u00e9rica Latina, donde poco parece haber cambiado en los \u00faltimos cinco siglos:<\/p>\n<p>Las comunidades ind\u00edgenas en el continente viven entre el olvido estatal.<\/p>\n<p>As\u00ed como de\u00a0una violencia que parece ser lo \u00fanico que no cambia de un gobierno a otro.<\/p>\n<p>El D\u00eda Internacional de los Pueblos Ind\u00edgenas, que se conmemora este martes, llega al continente, de nuevo, con muchas deudas.<\/p>\n<p>As\u00ed como de la urgencia de atender las necesidades de sus comunidades ancestrales.<\/p>\n<h4>M\u00e9xico; un grito contra la violencia<\/h4>\n<p>En M\u00e9xico, donde m\u00e1s de 23 millones de habitantes se asumen como ind\u00edgenas, una de las cifras m\u00e1s altas de la regi\u00f3n.<\/p>\n<p>Por ende, los pueblos originarios afrontan la proliferaci\u00f3n de grupos armados, en particular en Chiapas, el estado con mayor poblaci\u00f3n ind\u00edgena.<\/p>\n<p>Las disputas del crimen organizado por el control del territorio han incrementado los desplazamientos forzados de los pueblos originarios.<\/p>\n<p>Seg\u00fan informes de la Agencia de las Naciones Unidas para los Refugiados (Acnur).<\/p>\n<p>Los desplazamientos internos en Chiapas se triplicaron en 2021, derivado de la violencia por grupos armados.<\/p>\n<p>Ademas que\u00a0los municipios donde se refleja este fen\u00f3meno son:<\/p>\n<p>Aldama, Chalchihuit\u00e1n, Venustiano Carranza, Chenalh\u00f3, Pantelh\u00f3 y, \u00faltimamente, La Trinitaria y Frontera Comalapa.<\/p>\n<h4>Este es el caso de Juan Santis M\u00e9ndez, un ind\u00edgena tzotzil que sali\u00f3 de su comunidad por cuestiones de seguridad ante el enfrentamiento entre civiles.<\/h4>\n<p>Los cuales son\u00a0llamados Los Machetes y un grupo armado del crimen organizado, Los Herrera, el 8 de julio de 2021, en Pantelh\u00f3.<\/p>\n<p>Est\u00e1 refugiado en San Crist\u00f3bal de Las Casas con un grupo de 200 ind\u00edgenas m\u00e1s, quienes solicitan la protecci\u00f3n del Gobierno local.<\/p>\n<p>Ademas que el\u00a0estatal invocando la reparaci\u00f3n del da\u00f1o, restituci\u00f3n de tierras e indemnizaci\u00f3n.<\/p>\n<p>\u201dTen\u00edamos miedo, llegaron a mi comunidad y echaron bomba y bala, tem\u00edamos por la vida de los ni\u00f1os, por eso salimos huyendo para el monte\u201d.<\/p>\n<p>\u201cHoy para regresar nos piden una multa de 50 mil pesos que no tenemos\u201d, explic\u00f3.<\/p>\n","protected":false},"excerpt":{"rendered":"<p>Los pueblos ind\u00edgenas de Am\u00e9rica Latina sufren violencia, olvido, despojos y viven en el abandono estatal. Este martes se conmemora el D\u00eda Internacional de los Pueblos Ind\u00edgenas&#8230; Pero, \u00bfc\u00f3mo viven estas comunidades en Am\u00e9rica Latina? Es uno de los mayores desaf\u00edos sociales de Am\u00e9rica Latina, donde poco parece haber cambiado en los \u00faltimos cinco siglos: [&hellip;]<\/p>\n","protected":false},"author":1,"featured_media":8181,"comment_status":"open","ping_status":"closed","sticky":false,"template":"","format":"standard","meta":{"footnotes":""},"categories":[2,5,7],"tags":[],"class_list":["post-8179","post","type-post","status-publish","format-standard","has-post-thumbnail","hentry","category-cultural","category-internacional","category-nacional"],"_links":{"self":[{"href":"https:\/\/podernacional.com\/index.php?rest_route=\/wp\/v2\/posts\/8179","targetHints":{"allow":["GET"]}}],"collection":[{"href":"https:\/\/podernacional.com\/index.php?rest_route=\/wp\/v2\/posts"}],"about":[{"href":"https:\/\/podernacional.com\/index.php?rest_route=\/wp\/v2\/types\/post"}],"author":[{"embeddable":true,"href":"https:\/\/podernacional.com\/index.php?rest_route=\/wp\/v2\/users\/1"}],"replies":[{"embeddable":true,"href":"https:\/\/podernacional.com\/index.php?rest_route=%2Fwp%2Fv2%2Fcomments&post=8179"}],"version-history":[{"count":1,"href":"https:\/\/podernacional.com\/index.php?rest_route=\/wp\/v2\/posts\/8179\/revisions"}],"predecessor-version":[{"id":8180,"href":"https:\/\/podernacional.com\/index.php?rest_route=\/wp\/v2\/posts\/8179\/revisions\/8180"}],"wp:featuredmedia":[{"embeddable":true,"href":"https:\/\/podernacional.com\/index.php?rest_route=\/wp\/v2\/media\/8181"}],"wp:attachment":[{"href":"https:\/\/podernacional.com\/index.php?rest_route=%2Fwp%2Fv2%2Fmedia&parent=8179"}],"wp:term":[{"taxonomy":"category","embeddable":true,"href":"https:\/\/podernacional.com\/index.php?rest_route=%2Fwp%2Fv2%2Fcategories&post=8179"},{"taxonomy":"post_tag","embeddable":true,"href":"https:\/\/podernacional.com\/index.php?rest_route=%2Fwp%2Fv2%2Ftags&post=8179"}],"curies":[{"name":"wp","href":"https:\/\/api.w.org\/{rel}","templated":true}]}}