{"id":8188,"date":"2022-08-09T20:59:41","date_gmt":"2022-08-10T01:59:41","guid":{"rendered":"https:\/\/podernacional.com\/?p=8188"},"modified":"2022-08-10T01:59:43","modified_gmt":"2022-08-10T01:59:43","slug":"iniciaron-ferias-de-empleo-para-jovenes-en-quintana-roo","status":"publish","type":"post","link":"https:\/\/podernacional.com\/?p=8188","title":{"rendered":"Iniciaron Ferias de Empleo para J\u00f3venes en Quintana Roo"},"content":{"rendered":"<h4>Las Ferias est\u00e1n poniendo a disposici\u00f3n de quienes acuden m\u00e1s de 80 mil vacantes de todos los perfiles en todo el pa\u00eds.<\/h4>\n<p>Ferias de Empleo: &#8211; El martes comenz\u00f3 en Chetumal la Feria Nacional de Empleo para la Inclusi\u00f3n Laboral de los J\u00f3venes-<\/p>\n<p>-Los cuales posteriormente se realizar\u00e1 el 11 de agosto en Canc\u00fan y el 12 \u2014en el D\u00eda Internacional de la Juventud\u2014 en Playa del Carmen.<\/p>\n<p>Hasta el mediod\u00eda del martes, en la Feria se atendieron a 232 buscadores de empleo.<\/p>\n<p>Ademas de que\u00a0cont\u00f3 con la participaci\u00f3n de 145 empresas con m\u00e1s de 1567 vacantes.<\/p>\n<p>Con esto cumpliendo con el objetivo de fomentar el encuentro directo entre las empresas y buscadores de empleo.<\/p>\n<p>As\u00ed como de diversas instituciones relacionadas con temas de \u00edndole laboral.<\/p>\n<p>Catalina Portillo Navarro, titular de la Secretar\u00eda del Trabajo y Previsi\u00f3n Social (STyPS).<\/p>\n<h4>La cual agradeci\u00f3 el apoyo siempre brindado por el gobernador Carlos Joaqu\u00edn en estos eventos.<\/h4>\n<p>Entonces se\u00a0destac\u00f3 la importancia de seguir trabajando para mantener los primeros lugares en la generaci\u00f3n de empleo.<\/p>\n<p>\u201cPara la Secretar\u00eda del Trabajo y Previsi\u00f3n Social es de suma importancia la colocaci\u00f3n de buscadores de empleo en oportunidades laborales dignas\u201d.<\/p>\n<p>\u201cPor esto la importancia de realizar acciones como esta, en donde los participantes interact\u00faan con los reclutadores de las empresas\u201d.<\/p>\n<p>\u201cLas cuales est\u00e1n\u00a0otorg\u00e1ndoles facilidad, seguridad y ahorro\u201d, apunt\u00f3 Portillo Navarro.<\/p>\n<p>Cabe mencionar que las Ferias est\u00e1n poniendo a disposici\u00f3n de quienes acuden m\u00e1s de 80 mil vacantes de todos los perfiles en todo el pa\u00eds.<\/p>\n<p>Ademas con la participaci\u00f3n de m\u00e1s de mil 800 empresas de distintos giros, como farmacias, hoteles, tiendas departamentales y de autoservicio, entre otras.<\/p>\n<p>Las Ferias tambi\u00e9n forman parte inicial de la estrategia de fomento al empleo en el sector tur\u00edstico.<\/p>\n<p>Las cuales mencionan que anunciaron en fechas pasadas las Secretar\u00edas del Trabajo y Previsi\u00f3n Social, y de Turismo federales.<\/p>\n<p>Que ademas en conjunto con el programa J\u00f3venes Construyendo el Futuro buscan acercarlos a estos espacios, donde Quintana Roo destaca por su amplia oferta.<\/p>\n<h4>Entre otros compromisos, el Servicio Nacional de Empleo presentar\u00e1 el micrositio de turismo del Portal del Empleo.<\/h4>\n<p>As\u00ed como de una plataforma digital gratuita que concentrar\u00e1 la oferta de vacantes para facilitar la b\u00fasqueda de oportunidades laborales.<\/p>\n<p>En este sentido, cabe recordar que los empresarios de Quintana Roo, particularmente hoteleros y restauranteros.<\/p>\n<p>Ademas de estar reportado faltas de personal de hasta el 20 por ciento en todos los niveles.<\/p>\n<p>Por lo que han insistido en la necesidad de ampliar el reclutamiento de personal capacitado.<\/p>\n","protected":false},"excerpt":{"rendered":"<p>Las Ferias est\u00e1n poniendo a disposici\u00f3n de quienes acuden m\u00e1s de 80 mil vacantes de todos los perfiles en todo el pa\u00eds. Ferias de Empleo: &#8211; El martes comenz\u00f3 en Chetumal la Feria Nacional de Empleo para la Inclusi\u00f3n Laboral de los J\u00f3venes- -Los cuales posteriormente se realizar\u00e1 el 11 de agosto en Canc\u00fan y [&hellip;]<\/p>\n","protected":false},"author":1,"featured_media":8190,"comment_status":"open","ping_status":"closed","sticky":false,"template":"","format":"standard","meta":{"footnotes":""},"categories":[6,9,10],"tags":[],"class_list":["post-8188","post","type-post","status-publish","format-standard","has-post-thumbnail","hentry","category-local","category-politica","category-quintana-roo"],"_links":{"self":[{"href":"https:\/\/podernacional.com\/index.php?rest_route=\/wp\/v2\/posts\/8188","targetHints":{"allow":["GET"]}}],"collection":[{"href":"https:\/\/podernacional.com\/index.php?rest_route=\/wp\/v2\/posts"}],"about":[{"href":"https:\/\/podernacional.com\/index.php?rest_route=\/wp\/v2\/types\/post"}],"author":[{"embeddable":true,"href":"https:\/\/podernacional.com\/index.php?rest_route=\/wp\/v2\/users\/1"}],"replies":[{"embeddable":true,"href":"https:\/\/podernacional.com\/index.php?rest_route=%2Fwp%2Fv2%2Fcomments&post=8188"}],"version-history":[{"count":1,"href":"https:\/\/podernacional.com\/index.php?rest_route=\/wp\/v2\/posts\/8188\/revisions"}],"predecessor-version":[{"id":8189,"href":"https:\/\/podernacional.com\/index.php?rest_route=\/wp\/v2\/posts\/8188\/revisions\/8189"}],"wp:featuredmedia":[{"embeddable":true,"href":"https:\/\/podernacional.com\/index.php?rest_route=\/wp\/v2\/media\/8190"}],"wp:attachment":[{"href":"https:\/\/podernacional.com\/index.php?rest_route=%2Fwp%2Fv2%2Fmedia&parent=8188"}],"wp:term":[{"taxonomy":"category","embeddable":true,"href":"https:\/\/podernacional.com\/index.php?rest_route=%2Fwp%2Fv2%2Fcategories&post=8188"},{"taxonomy":"post_tag","embeddable":true,"href":"https:\/\/podernacional.com\/index.php?rest_route=%2Fwp%2Fv2%2Ftags&post=8188"}],"curies":[{"name":"wp","href":"https:\/\/api.w.org\/{rel}","templated":true}]}}