{"id":8197,"date":"2022-08-10T12:38:22","date_gmt":"2022-08-10T17:38:22","guid":{"rendered":"https:\/\/podernacional.com\/?p=8197"},"modified":"2022-08-10T17:38:23","modified_gmt":"2022-08-10T17:38:23","slug":"inician-rehabilitacion-del-centro-cultural-y-artistico-de-cuetzalan","status":"publish","type":"post","link":"https:\/\/podernacional.com\/?p=8197","title":{"rendered":"Inician rehabilitaci\u00f3n del Centro Cultural y Art\u00edstico de Cuetzalan"},"content":{"rendered":"<h4>El alcalde, Gerson Calixto, explic\u00f3 que este proyecto era una prioridad, pues estuvo muchos a\u00f1os en el abandono.<\/h4>\n<p>Cuetzalan: La rehabilitaci\u00f3n tendr\u00e1 una inversi\u00f3n superior a los 4 millones de pesos.<\/p>\n<p>Tras permanecer muchos a\u00f1os en el abandono, lo que propici\u00f3 el deterioro por la falta de mantenimiento.<\/p>\n<p>Con esto,\u00a0el Centro Cultural y Art\u00edstico de Cuetzalan (Auditorio Municipal) ser\u00e1 rehabilitado (en dos etapas).<\/p>\n<p>Por el actual ayuntamiento a cargo de Gerson Calixto Dattoli.<\/p>\n<p>Quien hace un par de d\u00edas comenz\u00f3 con los trabajos para la ejecuci\u00f3n de dicho proyecto.<\/p>\n<p>Lo cual menciona, que suma una inversi\u00f3n superior a los 4 millones de pesos.<\/p>\n<p>Acompa\u00f1ado por su esposa, la titular del SMDIF, Miriam Arrieta C\u00e1rcamo.<\/p>\n<h4>Regidores y vecinos de la cabecera municipal, el edil cuetzalteca.<\/h4>\n<p>Ademas que destac\u00f3 que la rehabilitaci\u00f3n del Auditorio, se busca rescatar un espacio cultural y art\u00edstico digno de las familias de dicha demarcaci\u00f3n.<\/p>\n<p>\u00abCon este proyecto se atender\u00e1 una demanda muy sentida de la poblaci\u00f3n (&#8230;) adem\u00e1s de que servir\u00e1 para albergar a nuestros deportistas\u201d.<\/p>\n<p>\u201cPara m\u00ed es fundamental que la mano del gobierno se sienta tanto en las comunidades, como en la cabecera\u00bb.<\/p>\n<p>Asimismo, asegur\u00f3 que era una prioridad atender la rehabilitaci\u00f3n de dicho inmueble y darle una nueva imagen, tras permanecer muchos a\u00f1os en el abandono.<\/p>\n<p>\u00abNuestras familias cuetzaltecas merecen espacios dignos y seguros, sin distinci\u00f3n alguna. Este tipo de obras contribuyen, sin duda, al progreso y desarrollo de nuestro municipio\u00bb.<\/p>\n<p>Finalmente, Calixto Dattoli detall\u00f3 que la obrase ejecutar\u00e1 en dos etapas y sumar\u00e1 una inversi\u00f3n de 4 millones 160 mil pesos.<\/p>\n<p>Contemplando la rehabilitaci\u00f3n del techado, nivelaci\u00f3n de piso, la construcci\u00f3n de 6 columnas de concreto, m\u00f3dulos sanitarios.<\/p>\n<p>(Ba\u00f1os para hombres, mujeres y personas discapacitadas).<\/p>\n<p>As\u00ed como de la colocaci\u00f3n de azulejos, canceles de aluminio, ventanales de herrer\u00eda, luminarias con tecnolog\u00eda \u00a0tipo LED, la rehabilitaci\u00f3n del estacionamiento, entre otros.<\/p>\n","protected":false},"excerpt":{"rendered":"<p>El alcalde, Gerson Calixto, explic\u00f3 que este proyecto era una prioridad, pues estuvo muchos a\u00f1os en el abandono. Cuetzalan: La rehabilitaci\u00f3n tendr\u00e1 una inversi\u00f3n superior a los 4 millones de pesos. Tras permanecer muchos a\u00f1os en el abandono, lo que propici\u00f3 el deterioro por la falta de mantenimiento. Con esto,\u00a0el Centro Cultural y Art\u00edstico de [&hellip;]<\/p>\n","protected":false},"author":1,"featured_media":8199,"comment_status":"open","ping_status":"closed","sticky":false,"template":"","format":"standard","meta":{"footnotes":""},"categories":[2,7],"tags":[],"class_list":["post-8197","post","type-post","status-publish","format-standard","has-post-thumbnail","hentry","category-cultural","category-nacional"],"_links":{"self":[{"href":"https:\/\/podernacional.com\/index.php?rest_route=\/wp\/v2\/posts\/8197","targetHints":{"allow":["GET"]}}],"collection":[{"href":"https:\/\/podernacional.com\/index.php?rest_route=\/wp\/v2\/posts"}],"about":[{"href":"https:\/\/podernacional.com\/index.php?rest_route=\/wp\/v2\/types\/post"}],"author":[{"embeddable":true,"href":"https:\/\/podernacional.com\/index.php?rest_route=\/wp\/v2\/users\/1"}],"replies":[{"embeddable":true,"href":"https:\/\/podernacional.com\/index.php?rest_route=%2Fwp%2Fv2%2Fcomments&post=8197"}],"version-history":[{"count":1,"href":"https:\/\/podernacional.com\/index.php?rest_route=\/wp\/v2\/posts\/8197\/revisions"}],"predecessor-version":[{"id":8198,"href":"https:\/\/podernacional.com\/index.php?rest_route=\/wp\/v2\/posts\/8197\/revisions\/8198"}],"wp:featuredmedia":[{"embeddable":true,"href":"https:\/\/podernacional.com\/index.php?rest_route=\/wp\/v2\/media\/8199"}],"wp:attachment":[{"href":"https:\/\/podernacional.com\/index.php?rest_route=%2Fwp%2Fv2%2Fmedia&parent=8197"}],"wp:term":[{"taxonomy":"category","embeddable":true,"href":"https:\/\/podernacional.com\/index.php?rest_route=%2Fwp%2Fv2%2Fcategories&post=8197"},{"taxonomy":"post_tag","embeddable":true,"href":"https:\/\/podernacional.com\/index.php?rest_route=%2Fwp%2Fv2%2Ftags&post=8197"}],"curies":[{"name":"wp","href":"https:\/\/api.w.org\/{rel}","templated":true}]}}