{"id":8226,"date":"2022-08-11T18:46:35","date_gmt":"2022-08-11T23:46:35","guid":{"rendered":"https:\/\/podernacional.com\/?p=8226"},"modified":"2022-08-11T23:46:37","modified_gmt":"2022-08-11T23:46:37","slug":"el-festival-de-la-luz-de-boimorto-a-coruna-estrena-el-cartel-de-los-conciertos-por-dia","status":"publish","type":"post","link":"https:\/\/podernacional.com\/?p=8226","title":{"rendered":"El Festival de la Luz de Boimorto (A Coru\u00f1a) estrena el cartel de los conciertos por d\u00eda"},"content":{"rendered":"<h4>The Killer Barbies el viernes, Delaporte el s\u00e1bado o Mala Rodr\u00edguez el domingo son algunos de los nombres que actuar\u00e1n en esta edici\u00f3n<\/h4>\n<p>El Festival de la Luz de Boimorto: La edici\u00f3n de 2019 del Festival de la Luz.<\/p>\n<p>El Festival de la Luz en el municipio de Boimorto acaba de dar a conocer al cartel de los distintos conciertos.<\/p>\n<p>Los cuales mencionan\u00a0que tendr\u00e1n lugar cada d\u00eda del evento.<\/p>\n<p>Ademas\u00a0que tendr\u00e1 lugar del 26 al 28 de agosto. La cita tiene un fin ben\u00e9fico.<\/p>\n<p>Con eso en anteriores ediciones han repartido un total de 78.000 euros apra causas solidarias de todo tipo.<\/p>\n<p>Este a\u00f1o los beneficios ir\u00e1n destinados a la Federaci\u00f3n de Alzheimer de Galicia.<\/p>\n<p>Este a\u00f1o el viernes 26 da pistoletazo de salida al festival con nombres como Kumbia Queers, Fon Rom\u00e1n, The Killer Barbies o Desvariados.<\/p>\n<p>El s\u00e1bado es el d\u00eda m\u00e1s completo, con un mayor n\u00famero de artistas. Hasta 16 grupos amenizar\u00e1n las leiras del municipio coru\u00f1\u00e9s.<\/p>\n<p>Delaporte, Grande Amore, Polock, Los Estanques o Los Santiagui\u00f1os de Boimorto ser\u00e1n alguno de los encargados.<\/p>\n<p>As\u00ed mismo\u00a0de hacer vibrar al p\u00fablico durante el 27 de agosto.<\/p>\n<p>El cierre de festival, el domingo, llega tambi\u00e9n con actuaciones espectaculares que incluyen nombres como los de:<\/p>\n<p>Mala Rodr\u00edguez, Herdeiros da Crus, Yoly Saa, Bala o The Rapants.<\/p>\n<h4>Abonos a partir de 20 euros<\/h4>\n<p>Para los fans del festival que todav\u00eda conserven las entradas de las ediciones aplazadas del 2021 y 2021.<\/p>\n<p>Ademas que esas todav\u00eda son v\u00e1lidas para este a\u00f1o 2022.<\/p>\n<p>Si por el contrario necesitas comprar para ver a este conjunto de artistas.<\/p>\n<p>Igualmente el de\u00a0todav\u00eda puedes adquirir los \u00faltimos abonos de para los tres d\u00edas por 20 euros.<\/p>\n<p>Con al opci\u00f3n de a\u00f1adir el c\u00e1mping por cuatro euros m\u00e1s.<\/p>\n<p>Si prefieres adquirir las entradas por d\u00edas tambi\u00e9n es posible.<\/p>\n<p>El precio de entradas para el s\u00e1bado y el domingo es de 15 euros cada una.<\/p>\n","protected":false},"excerpt":{"rendered":"<p>The Killer Barbies el viernes, Delaporte el s\u00e1bado o Mala Rodr\u00edguez el domingo son algunos de los nombres que actuar\u00e1n en esta edici\u00f3n El Festival de la Luz de Boimorto: La edici\u00f3n de 2019 del Festival de la Luz. El Festival de la Luz en el municipio de Boimorto acaba de dar a conocer al [&hellip;]<\/p>\n","protected":false},"author":1,"featured_media":8228,"comment_status":"open","ping_status":"closed","sticky":false,"template":"","format":"standard","meta":{"footnotes":""},"categories":[2,5],"tags":[],"class_list":["post-8226","post","type-post","status-publish","format-standard","has-post-thumbnail","hentry","category-cultural","category-internacional"],"_links":{"self":[{"href":"https:\/\/podernacional.com\/index.php?rest_route=\/wp\/v2\/posts\/8226","targetHints":{"allow":["GET"]}}],"collection":[{"href":"https:\/\/podernacional.com\/index.php?rest_route=\/wp\/v2\/posts"}],"about":[{"href":"https:\/\/podernacional.com\/index.php?rest_route=\/wp\/v2\/types\/post"}],"author":[{"embeddable":true,"href":"https:\/\/podernacional.com\/index.php?rest_route=\/wp\/v2\/users\/1"}],"replies":[{"embeddable":true,"href":"https:\/\/podernacional.com\/index.php?rest_route=%2Fwp%2Fv2%2Fcomments&post=8226"}],"version-history":[{"count":1,"href":"https:\/\/podernacional.com\/index.php?rest_route=\/wp\/v2\/posts\/8226\/revisions"}],"predecessor-version":[{"id":8227,"href":"https:\/\/podernacional.com\/index.php?rest_route=\/wp\/v2\/posts\/8226\/revisions\/8227"}],"wp:featuredmedia":[{"embeddable":true,"href":"https:\/\/podernacional.com\/index.php?rest_route=\/wp\/v2\/media\/8228"}],"wp:attachment":[{"href":"https:\/\/podernacional.com\/index.php?rest_route=%2Fwp%2Fv2%2Fmedia&parent=8226"}],"wp:term":[{"taxonomy":"category","embeddable":true,"href":"https:\/\/podernacional.com\/index.php?rest_route=%2Fwp%2Fv2%2Fcategories&post=8226"},{"taxonomy":"post_tag","embeddable":true,"href":"https:\/\/podernacional.com\/index.php?rest_route=%2Fwp%2Fv2%2Ftags&post=8226"}],"curies":[{"name":"wp","href":"https:\/\/api.w.org\/{rel}","templated":true}]}}