{"id":8238,"date":"2022-08-11T19:41:50","date_gmt":"2022-08-12T00:41:50","guid":{"rendered":"https:\/\/podernacional.com\/?p=8238"},"modified":"2022-08-12T00:41:52","modified_gmt":"2022-08-12T00:41:52","slug":"de-2002-a-2022-los-20-anos-de-exito-internacional-del-real-madrid","status":"publish","type":"post","link":"https:\/\/podernacional.com\/?p=8238","title":{"rendered":"De 2002 a 2022: los 20 a\u00f1os de \u00e9xito internacional del Real Madrid"},"content":{"rendered":"<h4>En estas dos d\u00e9cadas ha ganado seis Champions League, cinco Supercopas de Europa y cuatro Mundial de Clubes: tan solo ha perdido una final<\/h4>\n<p>Real Madrid: Existe un c\u00e1ntico en el Santiago Bernab\u00e9u que refleja a la perfecci\u00f3n lo que es el Real Madrid:<\/p>\n<p>Reyes de Europa, somos los Reyes de Europa\u00bb. No es una canci\u00f3n como las muchas que se cantan en los estadios de f\u00fatbol.<\/p>\n<p>Esta es as\u00ed, tal cual, el Real Madrid es el indiscutible rey de Europa.<\/p>\n<p>La consecuci\u00f3n de la Supercopa de Europa en Helsinki (2-0 al Eintracht de Frankfurt).<\/p>\n<p>El cual\u00a0ha vuelto a poner de manifiesto que el equipo blanco se desenvuelve muy bien en todas las finales europeas.<\/p>\n<p>Si es dif\u00edcil llegar al \u00faltimo partido de cualquier competici\u00f3n m\u00e1s complicado es ganar ese encuentro, toda una final.<\/p>\n<p>Pero para el Real Madrid eso parece ser ya algo habitual:<\/p>\n<p>No juega finales, las gana.<\/p>\n<p>Foto de familia del Real Madrid tras la consecuci\u00f3n de la Supercopa de Europa en Helsinki<\/p>\n<p>Las mejores im\u00e1genes de la victoria del Real Madrid en la Supercopa de Europa<\/p>\n<h4>El Debate<\/h4>\n<p>La victoria en esta Supercopa de Europa 2022 supone un broche de oro a los mejores 20 a\u00f1os europeos del Real Madrid.<\/p>\n<p>Desde 2002, cuando se gan\u00f3 la ya tan lejana Novena Copa de Europa, el club presidido por Florentino P\u00e9rez ha jugado 12 finales europeas.<\/p>\n<p>Ademas de tan solo ha perdido una (la Supercopa en 2018 ante el Atl\u00e9tico de Madrid).<\/p>\n<p>Las otras 11 -seis de Champions y cinco de Supercopa-<\/p>\n<p>As\u00ed mismo, las gan\u00f3 reflejando as\u00ed su dominio en el continente con datos nunca antes vistos en el f\u00fatbol.<\/p>\n<p>Coincide adem\u00e1s todo ello con los dos mandatos de Florentino P\u00e9rez, ya que en el periodo en el que \u00e9l falt\u00f3 (2006-2009).<\/p>\n<p>Ademas que\u00a0el Madrid no solo no gan\u00f3 un t\u00edtulo europeo sino que ni se acerc\u00f3 a la disputa de una final.<\/p>\n<p>El pasado 15 de mayo, d\u00eda de San Isidro, se cumplieron 20 a\u00f1os de aquella Copa de Europa.<\/p>\n<p>En la que Zinedine Zidane hizo arte a trav\u00e9s de una volea.<\/p>\n<p>Con eso,\u00a0en la que Iker Casillas pas\u00f3 a la historia por sus paradas milagrosas.<\/p>\n<p>Fue la victoria al Bayer Leverkusen en la final de la Champions del a\u00f1o 2002.<\/p>\n<p>As\u00ed mismo en el inicio de la \u00e9poca dorada del Real Madrid de Florentino.<\/p>\n<p>Si bien el club ya hab\u00eda ganado dos Copas de Europa recientemente (1998 y 2000) esta fue la primera del siglo XXI.<\/p>\n","protected":false},"excerpt":{"rendered":"<p>En estas dos d\u00e9cadas ha ganado seis Champions League, cinco Supercopas de Europa y cuatro Mundial de Clubes: tan solo ha perdido una final Real Madrid: Existe un c\u00e1ntico en el Santiago Bernab\u00e9u que refleja a la perfecci\u00f3n lo que es el Real Madrid: Reyes de Europa, somos los Reyes de Europa\u00bb. No es una [&hellip;]<\/p>\n","protected":false},"author":1,"featured_media":8240,"comment_status":"open","ping_status":"closed","sticky":false,"template":"","format":"standard","meta":{"footnotes":""},"categories":[2,3,5],"tags":[],"class_list":["post-8238","post","type-post","status-publish","format-standard","has-post-thumbnail","hentry","category-cultural","category-deportes","category-internacional"],"_links":{"self":[{"href":"https:\/\/podernacional.com\/index.php?rest_route=\/wp\/v2\/posts\/8238","targetHints":{"allow":["GET"]}}],"collection":[{"href":"https:\/\/podernacional.com\/index.php?rest_route=\/wp\/v2\/posts"}],"about":[{"href":"https:\/\/podernacional.com\/index.php?rest_route=\/wp\/v2\/types\/post"}],"author":[{"embeddable":true,"href":"https:\/\/podernacional.com\/index.php?rest_route=\/wp\/v2\/users\/1"}],"replies":[{"embeddable":true,"href":"https:\/\/podernacional.com\/index.php?rest_route=%2Fwp%2Fv2%2Fcomments&post=8238"}],"version-history":[{"count":1,"href":"https:\/\/podernacional.com\/index.php?rest_route=\/wp\/v2\/posts\/8238\/revisions"}],"predecessor-version":[{"id":8239,"href":"https:\/\/podernacional.com\/index.php?rest_route=\/wp\/v2\/posts\/8238\/revisions\/8239"}],"wp:featuredmedia":[{"embeddable":true,"href":"https:\/\/podernacional.com\/index.php?rest_route=\/wp\/v2\/media\/8240"}],"wp:attachment":[{"href":"https:\/\/podernacional.com\/index.php?rest_route=%2Fwp%2Fv2%2Fmedia&parent=8238"}],"wp:term":[{"taxonomy":"category","embeddable":true,"href":"https:\/\/podernacional.com\/index.php?rest_route=%2Fwp%2Fv2%2Fcategories&post=8238"},{"taxonomy":"post_tag","embeddable":true,"href":"https:\/\/podernacional.com\/index.php?rest_route=%2Fwp%2Fv2%2Ftags&post=8238"}],"curies":[{"name":"wp","href":"https:\/\/api.w.org\/{rel}","templated":true}]}}