{"id":8241,"date":"2022-08-11T19:46:30","date_gmt":"2022-08-12T00:46:30","guid":{"rendered":"https:\/\/podernacional.com\/?p=8241"},"modified":"2022-08-12T00:46:32","modified_gmt":"2022-08-12T00:46:32","slug":"reik-prepara-su-visita-a-cancun","status":"publish","type":"post","link":"https:\/\/podernacional.com\/?p=8241","title":{"rendered":"Reik prepara su visita a Canc\u00fan"},"content":{"rendered":"<h4>La agrupaci\u00f3n se presentar\u00e1 el pr\u00f3ximo 30 de septiembre como parte de su \u00abEn cambio Tour\u00bb<\/h4>\n<p><a href=\"https:\/\/twitter.com\/ReikMx\">Reik<\/a>: La agrupaci\u00f3n formada por Jes\u00fas Navarro, Julio Ram\u00edrez y Bibi Mar\u00edn, Reik, prepara su regreso a la Plaza de Toros de la ciudad.<\/p>\n<p>Ya que a lo largo de su carrera Canc\u00fan ha sido un punto obligado para reunirse con sus fans.<\/p>\n<p>Ademas que en este -tour 2022-23 no ser\u00e1 la excepci\u00f3n.<\/p>\n<p>Cynthya Lozada, Juan Pablo Calder\u00f3n, Carlos Castro y Carmen Pech.<\/p>\n<p>Ademas que lo sorganizadores del evento compartieron lo detalles del concierto que se llevar\u00e1 a cabo el pr\u00f3ximo 30 de septiembre.<\/p>\n<p>En la Plaza de Toros de Canc\u00fan.<\/p>\n<p>\u201cEs para nosotros muy emocionante poder traer esta banda al Caribe Mexicano\u201d.<\/p>\n<h4>\u201cAs\u00ed mismo que la gente de Quintana Roo y quien nos visita pueda tener la calidad de espect\u00e1culos que se merece\u201d.<\/h4>\n<p>\u201cLos esperamos a las 8 de la noche de este 30 de septiembre en la Plaza de Toros\u201d, expres\u00f3 Cynthya Lozada.<\/p>\n<p>Por su parte Juan Pablo Calder\u00f3n de la Plaza de Toros asegur\u00f3 que a los chicos de Reik les encanta venir a Canc\u00fan.<\/p>\n<p>Ademas de su\u00a0la calidez que encuentran en la ciudad y por la comuni\u00f3n tan especial que tienen por su p\u00fablico.<\/p>\n<p>Para el concierto de Reik programado en Canc\u00fan como parte de la gira En Cambio.<\/p>\n<p>Ademas, la plaza contin\u00faa con las medidas de seguridad sanitaria para las 4 mil personas que se espera disfruten de la presentaci\u00f3n de la agrupaci\u00f3n.<\/p>\n<p>Igualmente el de\u00a0sus grandes \u00e9xitos como Noviembre sin ti, Yo quisiera, Creo en ti.<\/p>\n<p>Al igual como de los \u00e9xitos de:\u00a0Ya me enter\u00e9 y muchos m\u00e1s que forman parte de la banda sonora de los cancunenses.<\/p>\n","protected":false},"excerpt":{"rendered":"<p>La agrupaci\u00f3n se presentar\u00e1 el pr\u00f3ximo 30 de septiembre como parte de su \u00abEn cambio Tour\u00bb Reik: La agrupaci\u00f3n formada por Jes\u00fas Navarro, Julio Ram\u00edrez y Bibi Mar\u00edn, Reik, prepara su regreso a la Plaza de Toros de la ciudad. Ya que a lo largo de su carrera Canc\u00fan ha sido un punto obligado para [&hellip;]<\/p>\n","protected":false},"author":1,"featured_media":8243,"comment_status":"open","ping_status":"closed","sticky":false,"template":"","format":"standard","meta":{"footnotes":""},"categories":[4,6,10],"tags":[],"class_list":["post-8241","post","type-post","status-publish","format-standard","has-post-thumbnail","hentry","category-espectaculos","category-local","category-quintana-roo"],"_links":{"self":[{"href":"https:\/\/podernacional.com\/index.php?rest_route=\/wp\/v2\/posts\/8241","targetHints":{"allow":["GET"]}}],"collection":[{"href":"https:\/\/podernacional.com\/index.php?rest_route=\/wp\/v2\/posts"}],"about":[{"href":"https:\/\/podernacional.com\/index.php?rest_route=\/wp\/v2\/types\/post"}],"author":[{"embeddable":true,"href":"https:\/\/podernacional.com\/index.php?rest_route=\/wp\/v2\/users\/1"}],"replies":[{"embeddable":true,"href":"https:\/\/podernacional.com\/index.php?rest_route=%2Fwp%2Fv2%2Fcomments&post=8241"}],"version-history":[{"count":1,"href":"https:\/\/podernacional.com\/index.php?rest_route=\/wp\/v2\/posts\/8241\/revisions"}],"predecessor-version":[{"id":8242,"href":"https:\/\/podernacional.com\/index.php?rest_route=\/wp\/v2\/posts\/8241\/revisions\/8242"}],"wp:featuredmedia":[{"embeddable":true,"href":"https:\/\/podernacional.com\/index.php?rest_route=\/wp\/v2\/media\/8243"}],"wp:attachment":[{"href":"https:\/\/podernacional.com\/index.php?rest_route=%2Fwp%2Fv2%2Fmedia&parent=8241"}],"wp:term":[{"taxonomy":"category","embeddable":true,"href":"https:\/\/podernacional.com\/index.php?rest_route=%2Fwp%2Fv2%2Fcategories&post=8241"},{"taxonomy":"post_tag","embeddable":true,"href":"https:\/\/podernacional.com\/index.php?rest_route=%2Fwp%2Fv2%2Ftags&post=8241"}],"curies":[{"name":"wp","href":"https:\/\/api.w.org\/{rel}","templated":true}]}}