{"id":8247,"date":"2022-08-11T20:03:36","date_gmt":"2022-08-12T01:03:36","guid":{"rendered":"https:\/\/podernacional.com\/?p=8247"},"modified":"2022-08-12T01:03:37","modified_gmt":"2022-08-12T01:03:37","slug":"asigna-cecytez-puestos-directivos","status":"publish","type":"post","link":"https:\/\/podernacional.com\/?p=8247","title":{"rendered":"Asigna Cecytez puestos directivos"},"content":{"rendered":"<h4>El Colegio de Estudios Cient\u00edficos y Tecnol\u00f3gicos del Estado de Zacatecas (Cecytez).<\/h4>\n<p>Cecytez: Ademas que se realiz\u00f3 el evento p\u00fablico del proceso de selecci\u00f3n para la promoci\u00f3n a cargos con funciones de direcci\u00f3n para el Ciclo Escolar 2022\u20132023.<\/p>\n<p>As\u00ed mismo para los planteles Cecyte y centros de Educaci\u00f3n Media Superior a Distancia (Emsad) que integran el Subsistema.<\/p>\n<p>El Director General del Cecytez, Julio C\u00e9sar Ortiz Fuentes, puntualiz\u00f3 que, en atenci\u00f3n a las indicaciones del Gobernador David Monreal \u00c1vila.<\/p>\n<p>Entonces el Subsistema realiza sus procesos con total transparencia, pilar en esta nueva gobernanza.<\/p>\n<p>Por ende, de acuerdo a los lineamientos de la Unidad del Sistema para la Carrera de las Maestras y los Maestros (USICAMM).<\/p>\n<p>Con esto,\u00a0participaron dos sustentantes, Margarita Carrillo Rosales y Mart\u00edn \u00c1vila Colomo.<\/p>\n<h4>Quienes optaron por una Subdirecci\u00f3n en los planteles de San Jos\u00e9 de Lourdes y R\u00edo Grande respectivamente.<\/h4>\n<p>En lo que respecta a centros Emsad, el sustentante Jos\u00e9 Luis Mart\u00ednez Hern\u00e1ndez opt\u00f3 por el puesto de Responsable del centro Estancia de Guadalupe.<\/p>\n<p>La sustentante Dal\u00ed Paulina Dur\u00f3n Campos opt\u00f3 por un cargo de Auxiliar de Responsable en el centro La Concepci\u00f3n<\/p>\n<p>En\u00a0tanto que la sustentante Ma. Del Refugio P\u00e9rez Cruz declin\u00f3 optar por un puesto en esta oportunidad.<\/p>\n<p>Por lo que quedar\u00e1 en la lista ordenada sin perder sus derechos a elegir alguna otra vacante cuando se encuentre disponible.<\/p>\n<p>El responsable de la Oficina de Enlace Educativo de la Secretar\u00eda de Educaci\u00f3n P\u00fablica (SEP) en Zacatecas, Bernardo Candelas de la Torre.<\/p>\n<p>Con esto se reconoci\u00f3 la claridad y transparencia del Cecytez en la realizaci\u00f3n de sus procesos y felicit\u00f3 a quienes participaron por sus nuevos cargos.<\/p>\n<p>En el evento tambi\u00e9n estuvieron presentes el Director de Educaci\u00f3n Media de la Secretar\u00eda de Educaci\u00f3n de Zacatecas (SEZ).<\/p>\n<p>El cual es\u00a0Joel Caldera Rodr\u00edguez y el Director de Preparatorias Estatales de la SEZ, Jos\u00e9 Vall\u00edn Mu\u00f1oz.<\/p>\n","protected":false},"excerpt":{"rendered":"<p>El Colegio de Estudios Cient\u00edficos y Tecnol\u00f3gicos del Estado de Zacatecas (Cecytez). Cecytez: Ademas que se realiz\u00f3 el evento p\u00fablico del proceso de selecci\u00f3n para la promoci\u00f3n a cargos con funciones de direcci\u00f3n para el Ciclo Escolar 2022\u20132023. As\u00ed mismo para los planteles Cecyte y centros de Educaci\u00f3n Media Superior a Distancia (Emsad) que integran [&hellip;]<\/p>\n","protected":false},"author":1,"featured_media":8249,"comment_status":"open","ping_status":"closed","sticky":false,"template":"","format":"standard","meta":{"footnotes":""},"categories":[7,9],"tags":[],"class_list":["post-8247","post","type-post","status-publish","format-standard","has-post-thumbnail","hentry","category-nacional","category-politica"],"_links":{"self":[{"href":"https:\/\/podernacional.com\/index.php?rest_route=\/wp\/v2\/posts\/8247","targetHints":{"allow":["GET"]}}],"collection":[{"href":"https:\/\/podernacional.com\/index.php?rest_route=\/wp\/v2\/posts"}],"about":[{"href":"https:\/\/podernacional.com\/index.php?rest_route=\/wp\/v2\/types\/post"}],"author":[{"embeddable":true,"href":"https:\/\/podernacional.com\/index.php?rest_route=\/wp\/v2\/users\/1"}],"replies":[{"embeddable":true,"href":"https:\/\/podernacional.com\/index.php?rest_route=%2Fwp%2Fv2%2Fcomments&post=8247"}],"version-history":[{"count":1,"href":"https:\/\/podernacional.com\/index.php?rest_route=\/wp\/v2\/posts\/8247\/revisions"}],"predecessor-version":[{"id":8248,"href":"https:\/\/podernacional.com\/index.php?rest_route=\/wp\/v2\/posts\/8247\/revisions\/8248"}],"wp:featuredmedia":[{"embeddable":true,"href":"https:\/\/podernacional.com\/index.php?rest_route=\/wp\/v2\/media\/8249"}],"wp:attachment":[{"href":"https:\/\/podernacional.com\/index.php?rest_route=%2Fwp%2Fv2%2Fmedia&parent=8247"}],"wp:term":[{"taxonomy":"category","embeddable":true,"href":"https:\/\/podernacional.com\/index.php?rest_route=%2Fwp%2Fv2%2Fcategories&post=8247"},{"taxonomy":"post_tag","embeddable":true,"href":"https:\/\/podernacional.com\/index.php?rest_route=%2Fwp%2Fv2%2Ftags&post=8247"}],"curies":[{"name":"wp","href":"https:\/\/api.w.org\/{rel}","templated":true}]}}