{"id":8250,"date":"2022-08-11T20:10:13","date_gmt":"2022-08-12T01:10:13","guid":{"rendered":"https:\/\/podernacional.com\/?p=8250"},"modified":"2022-08-12T01:10:14","modified_gmt":"2022-08-12T01:10:14","slug":"crecen-asentamientos-irregulares-en-quintana-roo","status":"publish","type":"post","link":"https:\/\/podernacional.com\/?p=8250","title":{"rendered":"Crecen asentamientos irregulares en Quintana Roo"},"content":{"rendered":"<h4>Se\u00f1alan que ya se iniciaron unos 25 procedimientos para la regularizaci\u00f3n de estos asentamientos.<\/h4>\n<p>Asentamientos irregulares: Crecen dichos asentamientos irregulares en Quintana Roo.<\/p>\n<p>Incrementan los asentamientos irregulares en Quintana Roo, reconoci\u00f3 el secretario de <a href=\"https:\/\/qroo.gob.mx\/sedetus\">Desarrollo Territorial y Urbano Sustentable<\/a> de la entidad.<\/p>\n<p>Ademas con esto, Carlos R\u00edos Castellanos, sin lograr el ordenamiento en ninguno de los ya existentes, siendo un total de 137.<\/p>\n<p>Mencion\u00f3 que se iniciaron unos 25 procedimientos para la regularizaci\u00f3n de estos asentamientos, que a\u00fan est\u00e1n pendientes por resolverse.<\/p>\n<p>Justific\u00f3 que no depende de Desarrollo Territorial y el gobierno del estado, sino de otras instancias como los ayuntamientos.<\/p>\n<h4>Ademas que\u00a0la Secretar\u00eda de Desarrollo Agrario, Territorial y Urbano (Sedatu).<\/h4>\n<p>Adem\u00e1s de los ejidos, que es desde donde se ha permitido la proliferaci\u00f3n de venta de terrenos para lotificaci\u00f3n irregular.<\/p>\n<p>El funcionario agreg\u00f3 que existe resistencia de quienes se dedican a la venta de los predios donde se ubican estos asentamientos.<\/p>\n<p>Con esto mencionan que lo que es otro factor que ha impedido avanzar en el tema.<\/p>\n<p>Por ende,\u00a0dado que al iniciarse procedimientos de regularizaci\u00f3n, \u00e9stos deben afrontar responsabilidades econ\u00f3micas para garantizar la tenencia de la tierra.<\/p>\n<p>En conclusi\u00f3n por diversas \u00edndoles se han incrementado los asentamientos irregulares en Quintana Roo.<\/p>\n<p>Se\u00f1alando ademas alrededor de 25 procedimientos para dicha regularizaci\u00f3n de estos mencionados asentamientos.<\/p>\n<p>Con esto ademas un total de al menos 137.<\/p>\n","protected":false},"excerpt":{"rendered":"<p>Se\u00f1alan que ya se iniciaron unos 25 procedimientos para la regularizaci\u00f3n de estos asentamientos. Asentamientos irregulares: Crecen dichos asentamientos irregulares en Quintana Roo. Incrementan los asentamientos irregulares en Quintana Roo, reconoci\u00f3 el secretario de Desarrollo Territorial y Urbano Sustentable de la entidad. Ademas con esto, Carlos R\u00edos Castellanos, sin lograr el ordenamiento en ninguno de [&hellip;]<\/p>\n","protected":false},"author":1,"featured_media":8252,"comment_status":"open","ping_status":"closed","sticky":false,"template":"","format":"standard","meta":{"footnotes":""},"categories":[6,10],"tags":[],"class_list":["post-8250","post","type-post","status-publish","format-standard","has-post-thumbnail","hentry","category-local","category-quintana-roo"],"_links":{"self":[{"href":"https:\/\/podernacional.com\/index.php?rest_route=\/wp\/v2\/posts\/8250","targetHints":{"allow":["GET"]}}],"collection":[{"href":"https:\/\/podernacional.com\/index.php?rest_route=\/wp\/v2\/posts"}],"about":[{"href":"https:\/\/podernacional.com\/index.php?rest_route=\/wp\/v2\/types\/post"}],"author":[{"embeddable":true,"href":"https:\/\/podernacional.com\/index.php?rest_route=\/wp\/v2\/users\/1"}],"replies":[{"embeddable":true,"href":"https:\/\/podernacional.com\/index.php?rest_route=%2Fwp%2Fv2%2Fcomments&post=8250"}],"version-history":[{"count":1,"href":"https:\/\/podernacional.com\/index.php?rest_route=\/wp\/v2\/posts\/8250\/revisions"}],"predecessor-version":[{"id":8251,"href":"https:\/\/podernacional.com\/index.php?rest_route=\/wp\/v2\/posts\/8250\/revisions\/8251"}],"wp:featuredmedia":[{"embeddable":true,"href":"https:\/\/podernacional.com\/index.php?rest_route=\/wp\/v2\/media\/8252"}],"wp:attachment":[{"href":"https:\/\/podernacional.com\/index.php?rest_route=%2Fwp%2Fv2%2Fmedia&parent=8250"}],"wp:term":[{"taxonomy":"category","embeddable":true,"href":"https:\/\/podernacional.com\/index.php?rest_route=%2Fwp%2Fv2%2Fcategories&post=8250"},{"taxonomy":"post_tag","embeddable":true,"href":"https:\/\/podernacional.com\/index.php?rest_route=%2Fwp%2Fv2%2Ftags&post=8250"}],"curies":[{"name":"wp","href":"https:\/\/api.w.org\/{rel}","templated":true}]}}