{"id":8256,"date":"2022-08-12T19:23:08","date_gmt":"2022-08-13T00:23:08","guid":{"rendered":"https:\/\/podernacional.com\/?p=8256"},"modified":"2022-08-13T00:23:11","modified_gmt":"2022-08-13T00:23:11","slug":"festival-del-motociclismo-que-artistas-se-presentan","status":"publish","type":"post","link":"https:\/\/podernacional.com\/?p=8256","title":{"rendered":"Festival del Motociclismo: \u00bfQu\u00e9 artistas se presentan?"},"content":{"rendered":"<h4>El Festival de Motociclismo en Zacatecas reunir\u00e1 a artistas como Tex Tex, la Sonora Dinamita, los Cadetes de Linares y muchos m\u00e1s.<\/h4>\n<p>Festival del Motociclismo: Durante el fin de semana, Zacatecas se llenar\u00e1 de fiesta con una serie de eventos culturales y art\u00edsticos.<\/p>\n<p>En los que se reunir\u00e1n personas de diferentes estados del pa\u00eds.<\/p>\n<p>En el marco de la Concentraci\u00f3n Regional \u201cLa Heroica\u201d, se llevar\u00e1n a cabo una serie de conciertos en el Festival de Motociclismo.<\/p>\n<p>Dentro del Multiforo los conciertos iniciar\u00e1n a partir de las 16:00 hrs, el pr\u00f3ximo s\u00e1bado 13 de agosto.<\/p>\n<p>Adem\u00e1s de contar con diversos artistas invitados tanto locales como nacionales.<\/p>\n<p>Ademas que habr\u00e1 acceso gratuito a juegos mec\u00e1nicos que brindar\u00e1n una herramienta m\u00e1s para la diversi\u00f3n.<\/p>\n<p>El cartel para el evento se destaca por su versatilidad y variedad, incluyendo desde ska, reggae, norte\u00f1o y cumbia.<\/p>\n<h4>La celebraci\u00f3n de este d\u00eda estar\u00e1 a cargo de:<\/h4>\n<p>Liran Roll<\/p>\n<p>Tex Tex<\/p>\n<p>Cadetes de Linares<\/p>\n<p>Sonora Dinamita<\/p>\n<p>Banda Bostik<\/p>\n<p>Dj Luigi Boy<\/p>\n<p>Sam Sam<\/p>\n<p>Los Amantes de la Chesk<\/p>\n<p>Infierno Negro<\/p>\n<h4>Si a\u00fan no cuentas con tus boletos para el Festival del Motociclismo, puedes encontrarlos en ShowTicket.<\/h4>\n<p>Para m\u00e1s informaci\u00f3n, puedes comunicarte al WhatsApp: 492 202 4072. Los precios seg\u00fan la zona son los siguientes:<\/p>\n<p>General: $250<\/p>\n<p>Preferente: $400<\/p>\n<p>Palcos VIP: $500<\/p>\n<p>La Heroica 2022<\/p>\n<p>Tras dos a\u00f1os de suspensi\u00f3n, el evento de motociclistas por excelencia de la regi\u00f3n Centro-Norte est\u00e1 de regreso en Zacatecas.<\/p>\n<p>Del 11 al 13 de agosto, m\u00e1s de cinco mil motociclistas de estados como Aguascalientes, Quer\u00e9taro, San Luis Potos\u00ed, Durango y m\u00e1s.<\/p>\n<p>Con esto, hicieron acto de presencia para dar vida a uno de los eventos m\u00e1s esperados del 2022.<\/p>\n<p>En la celebraci\u00f3n tambi\u00e9n se brinda un espacio para las y los artesanos de Hecho en Zacatecas.<\/p>\n<p>Ya que podr\u00e1n exponer y vender sus productos al p\u00fablico que asista a las actividades de este evento.<\/p>\n<p>Por \u00faltimo, los tradicionales desfiles no faltan durante el encuentro, por las principales calles de la ciudad.<\/p>\n","protected":false},"excerpt":{"rendered":"<p>El Festival de Motociclismo en Zacatecas reunir\u00e1 a artistas como Tex Tex, la Sonora Dinamita, los Cadetes de Linares y muchos m\u00e1s. Festival del Motociclismo: Durante el fin de semana, Zacatecas se llenar\u00e1 de fiesta con una serie de eventos culturales y art\u00edsticos. En los que se reunir\u00e1n personas de diferentes estados del pa\u00eds. En [&hellip;]<\/p>\n","protected":false},"author":1,"featured_media":8258,"comment_status":"open","ping_status":"closed","sticky":false,"template":"","format":"standard","meta":{"footnotes":""},"categories":[2,7],"tags":[],"class_list":["post-8256","post","type-post","status-publish","format-standard","has-post-thumbnail","hentry","category-cultural","category-nacional"],"_links":{"self":[{"href":"https:\/\/podernacional.com\/index.php?rest_route=\/wp\/v2\/posts\/8256","targetHints":{"allow":["GET"]}}],"collection":[{"href":"https:\/\/podernacional.com\/index.php?rest_route=\/wp\/v2\/posts"}],"about":[{"href":"https:\/\/podernacional.com\/index.php?rest_route=\/wp\/v2\/types\/post"}],"author":[{"embeddable":true,"href":"https:\/\/podernacional.com\/index.php?rest_route=\/wp\/v2\/users\/1"}],"replies":[{"embeddable":true,"href":"https:\/\/podernacional.com\/index.php?rest_route=%2Fwp%2Fv2%2Fcomments&post=8256"}],"version-history":[{"count":1,"href":"https:\/\/podernacional.com\/index.php?rest_route=\/wp\/v2\/posts\/8256\/revisions"}],"predecessor-version":[{"id":8257,"href":"https:\/\/podernacional.com\/index.php?rest_route=\/wp\/v2\/posts\/8256\/revisions\/8257"}],"wp:featuredmedia":[{"embeddable":true,"href":"https:\/\/podernacional.com\/index.php?rest_route=\/wp\/v2\/media\/8258"}],"wp:attachment":[{"href":"https:\/\/podernacional.com\/index.php?rest_route=%2Fwp%2Fv2%2Fmedia&parent=8256"}],"wp:term":[{"taxonomy":"category","embeddable":true,"href":"https:\/\/podernacional.com\/index.php?rest_route=%2Fwp%2Fv2%2Fcategories&post=8256"},{"taxonomy":"post_tag","embeddable":true,"href":"https:\/\/podernacional.com\/index.php?rest_route=%2Fwp%2Fv2%2Ftags&post=8256"}],"curies":[{"name":"wp","href":"https:\/\/api.w.org\/{rel}","templated":true}]}}