{"id":8262,"date":"2022-08-12T20:02:44","date_gmt":"2022-08-13T01:02:44","guid":{"rendered":"https:\/\/podernacional.com\/?p=8262"},"modified":"2022-08-13T01:02:45","modified_gmt":"2022-08-13T01:02:45","slug":"cuatro-espectaculos-gratuitos-en-la-agenda-de-cultura","status":"publish","type":"post","link":"https:\/\/podernacional.com\/?p=8262","title":{"rendered":"Cuatro espect\u00e1culos gratuitos en la agenda de Cultura"},"content":{"rendered":"<h4>El departamento de <a href=\"https:\/\/cultura.amia.org.ar\/\">Cultura de AMIA<\/a> sigue presentando una variada y completa agenda de actividades.<\/h4>\n<p>Agenda de Cultura: Ademas para poder realizar de manera presencial y virtual.<\/p>\n<p>Entre las propuestas gratuitas que se ofrecen durante este mes, se destacan los espect\u00e1culos:<\/p>\n<p>\u201cUn rato con \u00e9l\u201d, \u201cBossi Master Show\u201d y \u201cEl jorobado de Par\u00eds\u201d.<\/p>\n<p>Tambi\u00e9n se presentar\u00e1, en el auditorio de Pasteur 633, la pel\u00edcula \u201cAar\u00f3n Yankelevich, un se\u00f1or gaucho\u201d.<\/p>\n<p>Todas las actividades son abiertas al p\u00fablico y requieren inscripci\u00f3n previa en el sitio web cultura.amia.org.ar<\/p>\n<p>La programaci\u00f3n incluye las siguientes propuestas:<\/p>\n<h4>\u201cAar\u00f3n Yankelevich, un se\u00f1or gaucho\u201d (presencial)<\/h4>\n<p>Documental que narra la vida de Aar\u00f3n Yankelevich, uno de los pioneros del juda\u00edsmo rural argentino.<\/p>\n<p>El encuentro contar\u00e1 con la disertaci\u00f3n de Iv\u00e1n Cherjovsky, a cargo de la realizaci\u00f3n integral de la pel\u00edcula.<\/p>\n<p>Inicio: Martes 16 de agosto, a las 20.<\/p>\n<h4>\u201cEl jorobado de Par\u00eds\u201d (virtual)<\/h4>\n<p>Comedia musical, dirigida por Pepe Cibri\u00e1n Campoy y \u00c1ngel Mahler, que relata la historia de amor entre Quasimodo y la bella gitana Esmeralda.<\/p>\n<p>Inicio: Mi\u00e9rcoles 17 de agosto<\/p>\n<h4>\u201cUn rato con \u00e9l\u201d (virtual)<\/h4>\n<p>Comedia dram\u00e1tica, protagonizada por Julio Ch\u00e1vez y Adri\u00e1n Suar, que habla de la relaci\u00f3n entre dos hermanos, hijos de diferentes madres.<\/p>\n<p>As\u00ed mismo de estar distanciados por el tiempo y unidos s\u00f3lo por un padre que estuvo ausente a lo largo de sus vidas.<\/p>\n<p>Inicio: Mi\u00e9rcoles 24 de agosto<\/p>\n<h4>\u201cBossi Master Show\u201d (virtual)<\/h4>\n<p>El artista Mart\u00edn Bossi sube al escenario con su show de m\u00fasica, humor e imitaci\u00f3n.<\/p>\n<p>Inicio: Lunes 29 de agosto<\/p>\n","protected":false},"excerpt":{"rendered":"<p>El departamento de Cultura de AMIA sigue presentando una variada y completa agenda de actividades. Agenda de Cultura: Ademas para poder realizar de manera presencial y virtual. Entre las propuestas gratuitas que se ofrecen durante este mes, se destacan los espect\u00e1culos: \u201cUn rato con \u00e9l\u201d, \u201cBossi Master Show\u201d y \u201cEl jorobado de Par\u00eds\u201d. Tambi\u00e9n se [&hellip;]<\/p>\n","protected":false},"author":1,"featured_media":8264,"comment_status":"open","ping_status":"closed","sticky":false,"template":"","format":"standard","meta":{"footnotes":""},"categories":[2,4],"tags":[],"class_list":["post-8262","post","type-post","status-publish","format-standard","has-post-thumbnail","hentry","category-cultural","category-espectaculos"],"_links":{"self":[{"href":"https:\/\/podernacional.com\/index.php?rest_route=\/wp\/v2\/posts\/8262","targetHints":{"allow":["GET"]}}],"collection":[{"href":"https:\/\/podernacional.com\/index.php?rest_route=\/wp\/v2\/posts"}],"about":[{"href":"https:\/\/podernacional.com\/index.php?rest_route=\/wp\/v2\/types\/post"}],"author":[{"embeddable":true,"href":"https:\/\/podernacional.com\/index.php?rest_route=\/wp\/v2\/users\/1"}],"replies":[{"embeddable":true,"href":"https:\/\/podernacional.com\/index.php?rest_route=%2Fwp%2Fv2%2Fcomments&post=8262"}],"version-history":[{"count":1,"href":"https:\/\/podernacional.com\/index.php?rest_route=\/wp\/v2\/posts\/8262\/revisions"}],"predecessor-version":[{"id":8263,"href":"https:\/\/podernacional.com\/index.php?rest_route=\/wp\/v2\/posts\/8262\/revisions\/8263"}],"wp:featuredmedia":[{"embeddable":true,"href":"https:\/\/podernacional.com\/index.php?rest_route=\/wp\/v2\/media\/8264"}],"wp:attachment":[{"href":"https:\/\/podernacional.com\/index.php?rest_route=%2Fwp%2Fv2%2Fmedia&parent=8262"}],"wp:term":[{"taxonomy":"category","embeddable":true,"href":"https:\/\/podernacional.com\/index.php?rest_route=%2Fwp%2Fv2%2Fcategories&post=8262"},{"taxonomy":"post_tag","embeddable":true,"href":"https:\/\/podernacional.com\/index.php?rest_route=%2Fwp%2Fv2%2Ftags&post=8262"}],"curies":[{"name":"wp","href":"https:\/\/api.w.org\/{rel}","templated":true}]}}