{"id":8265,"date":"2022-08-12T20:30:24","date_gmt":"2022-08-13T01:30:24","guid":{"rendered":"https:\/\/podernacional.com\/?p=8265"},"modified":"2022-08-13T01:30:25","modified_gmt":"2022-08-13T01:30:25","slug":"amnistia-internacional-califico-de-riesgosa-e-ilegal-la-militarizacion-de-la-guardia-nacional","status":"publish","type":"post","link":"https:\/\/podernacional.com\/?p=8265","title":{"rendered":"Amnist\u00eda Internacional calific\u00f3 de \u201criesgosa e ilegal\u201d la militarizaci\u00f3n de la Guardia Nacional"},"content":{"rendered":"<h4>La organizaci\u00f3n defensora de los derechos humanos le pidi\u00f3 al presidente L\u00f3pez Obrador que reconsidere su propuesta<\/h4>\n<p>Guardia Nacional: Amnist\u00eda Internacional se\u00f1al\u00f3 que desde que el Ej\u00e9rcito sali\u00f3 a las calles M\u00e9xico se ha vuelto m\u00e1s peligroso.<\/p>\n<p>En d\u00edas recientes, el presidente Andr\u00e9s Manuel L\u00f3pez Obrador (AMLO).<\/p>\n<p>Ademas de que se coloc\u00f3 en el centro de las pol\u00e9micas tras anunciar su propuesta de integrar la Guardia Nacional (GN).<\/p>\n<p>As\u00ed como de\u00a0la<a href=\"https:\/\/www.gob.mx\/sedena\"> Secretar\u00eda de la Defensa Nacional<\/a> (Sedena).<\/p>\n<p>Las cr\u00edticas, desacuerdos y advertencias no han dejado de circular en medios y redes sociales desde entonces.<\/p>\n<p>Al respecto, Amnist\u00eda Internacional, una de las organizaciones defensoras de los derechos humanos m\u00e1s importantes del mundo.<\/p>\n<h4>As\u00ed como que alert\u00f3 que esta medida podr\u00eda resultar perjudicial.<\/h4>\n<p>A trav\u00e9s de un pronunciamiento en sus redes sociales, manifestaron su postura ante la criticada y controversial iniciativa de AMLO.<\/p>\n<p>\u201cUna vez m\u00e1s alertamos sobre los riesgos de la militarizaci\u00f3n de M\u00e9xico y la ilegalidad de formalizar la adscripci\u00f3n de la #GuardiaNacional a la @SEDENAmx\u201d.<\/p>\n<p>Escribieron en un primer mensaje haciendo uso de su cuenta oficial de Twitter.<\/p>\n<p>La organizaci\u00f3n defensora de DDHH se\u00f1al\u00f3 que la propuesta de AMLO se contrapone a las leyes.<\/p>\n<p>Como argumentos, se\u00f1alaron que hoy en d\u00eda \u201cM\u00e9xico es m\u00e1s peligroso que hace 16 a\u00f1os cuando se decidi\u00f3 que militares salieran a las calles\u201d.<\/p>\n<p>Ademas que\u00a0se\u00f1alaron que con el paso de los a\u00f1os ha habido un alarmante incremento en el n\u00famero de desapariciones forzadas.<\/p>\n<p>As\u00ed mismo como de las\u00a0detenciones arbitrarias, tortura f\u00edsica, psicol\u00f3gica e incluso sexual.<\/p>\n","protected":false},"excerpt":{"rendered":"<p>La organizaci\u00f3n defensora de los derechos humanos le pidi\u00f3 al presidente L\u00f3pez Obrador que reconsidere su propuesta Guardia Nacional: Amnist\u00eda Internacional se\u00f1al\u00f3 que desde que el Ej\u00e9rcito sali\u00f3 a las calles M\u00e9xico se ha vuelto m\u00e1s peligroso. En d\u00edas recientes, el presidente Andr\u00e9s Manuel L\u00f3pez Obrador (AMLO). Ademas de que se coloc\u00f3 en el centro [&hellip;]<\/p>\n","protected":false},"author":1,"featured_media":8267,"comment_status":"open","ping_status":"closed","sticky":false,"template":"","format":"standard","meta":{"footnotes":""},"categories":[2,5,7],"tags":[],"class_list":["post-8265","post","type-post","status-publish","format-standard","has-post-thumbnail","hentry","category-cultural","category-internacional","category-nacional"],"_links":{"self":[{"href":"https:\/\/podernacional.com\/index.php?rest_route=\/wp\/v2\/posts\/8265","targetHints":{"allow":["GET"]}}],"collection":[{"href":"https:\/\/podernacional.com\/index.php?rest_route=\/wp\/v2\/posts"}],"about":[{"href":"https:\/\/podernacional.com\/index.php?rest_route=\/wp\/v2\/types\/post"}],"author":[{"embeddable":true,"href":"https:\/\/podernacional.com\/index.php?rest_route=\/wp\/v2\/users\/1"}],"replies":[{"embeddable":true,"href":"https:\/\/podernacional.com\/index.php?rest_route=%2Fwp%2Fv2%2Fcomments&post=8265"}],"version-history":[{"count":1,"href":"https:\/\/podernacional.com\/index.php?rest_route=\/wp\/v2\/posts\/8265\/revisions"}],"predecessor-version":[{"id":8266,"href":"https:\/\/podernacional.com\/index.php?rest_route=\/wp\/v2\/posts\/8265\/revisions\/8266"}],"wp:featuredmedia":[{"embeddable":true,"href":"https:\/\/podernacional.com\/index.php?rest_route=\/wp\/v2\/media\/8267"}],"wp:attachment":[{"href":"https:\/\/podernacional.com\/index.php?rest_route=%2Fwp%2Fv2%2Fmedia&parent=8265"}],"wp:term":[{"taxonomy":"category","embeddable":true,"href":"https:\/\/podernacional.com\/index.php?rest_route=%2Fwp%2Fv2%2Fcategories&post=8265"},{"taxonomy":"post_tag","embeddable":true,"href":"https:\/\/podernacional.com\/index.php?rest_route=%2Fwp%2Fv2%2Ftags&post=8265"}],"curies":[{"name":"wp","href":"https:\/\/api.w.org\/{rel}","templated":true}]}}