{"id":8292,"date":"2022-08-13T13:11:54","date_gmt":"2022-08-13T18:11:54","guid":{"rendered":"https:\/\/podernacional.com\/?p=8292"},"modified":"2022-08-13T18:11:55","modified_gmt":"2022-08-13T18:11:55","slug":"la-feria-de-emprendedores-y-artesanos-suma-espectaculos-en-plaza-san-martin","status":"publish","type":"post","link":"https:\/\/podernacional.com\/?p=8292","title":{"rendered":"La Feria de emprendedores y artesanos suma espect\u00e1culos en Plaza San Mart\u00edn"},"content":{"rendered":"<h4>Este s\u00e1bado 13 de agosto habr\u00e1 una nueva <a href=\"https:\/\/laferiamadrid.mercadosocial.net\/\">Feria de la Econom\u00eda Social<\/a> en la plaza San Mart\u00edn de Cipolletti.<\/h4>\n<p>La Feria de emprendedores y artesanos; <a href=\"https:\/\/whatsappmexico.com\/?p=8365\">Feria<\/a><\/p>\n<p>El s\u00e1bado 13 de agosto de 15 a 20 hs. habr\u00e1 una nueva Feria de la Econom\u00eda Social en la plaza San Mart\u00edn.<\/p>\n<p>La cual mencionan que se podr\u00e1 disfrutar en familia de un gran paseo de artesanos, emprendedores, espect\u00e1culo de baile y show musical.<\/p>\n<p>M\u00e1s de 70 emprendedores y artesanos expondr\u00e1n una amplia variedad de productos como artesan\u00edas en cuero, vitrofusi\u00f3n, cer\u00e1mica.<\/p>\n<p>As\u00ed mismos como de tejidos, bijouterie, productos textiles, marroquiner\u00eda, agendas y material de impresiones en 3D, sublimados, serigraf\u00eda y gr\u00e1fica.<\/p>\n<p>Tambi\u00e9n hay plantas, cactus y suculentas, arom\u00e1ticas y esencias, productos panificados dulces y salados, jugos y licuados.<\/p>\n<p>Al igual que de\u00a0comida venezolana, pochoclos, garrapi\u00f1adas, dulces y miel.<\/p>\n<h4>Cronograma de espect\u00e1culos<\/h4>\n<p>16.30 HS. &#8211; Yovany Carvajal y Rocio Marin \u2013 (Hip Hop)<\/p>\n<p>18.00 HS. &#8211; Los Espinoza \u2013 (Folklore)<\/p>\n<p>19.00 HS. &#8211; Stylo Classic \u2013 (Cumbia retro)<\/p>\n<p>Se trata de un gran evento que ofrece el Gobierno de Cipolletti para que los vecinos y vecinas puedan disfrutar en familia.<\/p>\n<p>Con esto, en la Feria de emprendedores y artesanos se suma espect\u00e1culos en Plaza San Mart\u00edn<\/p>\n<p>Ademas que remuneramos el cronograma de espect\u00e1culos desde las 16:oo hrs hasta las 19:00 hrs.<\/p>\n","protected":false},"excerpt":{"rendered":"<p>Este s\u00e1bado 13 de agosto habr\u00e1 una nueva Feria de la Econom\u00eda Social en la plaza San Mart\u00edn de Cipolletti. La Feria de emprendedores y artesanos; Feria El s\u00e1bado 13 de agosto de 15 a 20 hs. habr\u00e1 una nueva Feria de la Econom\u00eda Social en la plaza San Mart\u00edn. La cual mencionan que se [&hellip;]<\/p>\n","protected":false},"author":1,"featured_media":8294,"comment_status":"open","ping_status":"closed","sticky":false,"template":"","format":"standard","meta":{"footnotes":""},"categories":[4,5],"tags":[],"class_list":["post-8292","post","type-post","status-publish","format-standard","has-post-thumbnail","hentry","category-espectaculos","category-internacional"],"_links":{"self":[{"href":"https:\/\/podernacional.com\/index.php?rest_route=\/wp\/v2\/posts\/8292","targetHints":{"allow":["GET"]}}],"collection":[{"href":"https:\/\/podernacional.com\/index.php?rest_route=\/wp\/v2\/posts"}],"about":[{"href":"https:\/\/podernacional.com\/index.php?rest_route=\/wp\/v2\/types\/post"}],"author":[{"embeddable":true,"href":"https:\/\/podernacional.com\/index.php?rest_route=\/wp\/v2\/users\/1"}],"replies":[{"embeddable":true,"href":"https:\/\/podernacional.com\/index.php?rest_route=%2Fwp%2Fv2%2Fcomments&post=8292"}],"version-history":[{"count":1,"href":"https:\/\/podernacional.com\/index.php?rest_route=\/wp\/v2\/posts\/8292\/revisions"}],"predecessor-version":[{"id":8293,"href":"https:\/\/podernacional.com\/index.php?rest_route=\/wp\/v2\/posts\/8292\/revisions\/8293"}],"wp:featuredmedia":[{"embeddable":true,"href":"https:\/\/podernacional.com\/index.php?rest_route=\/wp\/v2\/media\/8294"}],"wp:attachment":[{"href":"https:\/\/podernacional.com\/index.php?rest_route=%2Fwp%2Fv2%2Fmedia&parent=8292"}],"wp:term":[{"taxonomy":"category","embeddable":true,"href":"https:\/\/podernacional.com\/index.php?rest_route=%2Fwp%2Fv2%2Fcategories&post=8292"},{"taxonomy":"post_tag","embeddable":true,"href":"https:\/\/podernacional.com\/index.php?rest_route=%2Fwp%2Fv2%2Ftags&post=8292"}],"curies":[{"name":"wp","href":"https:\/\/api.w.org\/{rel}","templated":true}]}}