{"id":8295,"date":"2022-08-13T13:22:39","date_gmt":"2022-08-13T18:22:39","guid":{"rendered":"https:\/\/podernacional.com\/?p=8295"},"modified":"2022-08-13T18:22:41","modified_gmt":"2022-08-13T18:22:41","slug":"dia-internacional-del-zurdo-por-que-se-celebra-el-13-de-agosto","status":"publish","type":"post","link":"https:\/\/podernacional.com\/?p=8295","title":{"rendered":"D\u00eda Internacional del Zurdo: \u00bfpor qu\u00e9 se celebra el 13 de agosto?"},"content":{"rendered":"<h4>Personalidades zurdas Isaac Newton, Albert Einstein, Van Gogh, Leonardo da Vinci, Paul McCartney, David Bowie, Bob Dylan, Barack Obama y Bill Gates<\/h4>\n<p>El D\u00eda Internacional del Zurdo es una jornada promovida por Lefthanders International, la Internacional de Zurdos.<\/p>\n<p>La iniciativa se remonta a 1976, cuando el fundador brit\u00e1nico de la internacional Dean Campbell convoc\u00f3 a celebrar el d\u00eda.<\/p>\n<p>Con el fin de ayudar a crear conciencia acerca de las ventajas y las desventajas de utilizar la mano izquierda.<\/p>\n<p>En ese entonces, muchos ni\u00f1os zurdos eran obligados a escribir o manipular objetos con la mano derecha.<\/p>\n<p>Algunas de estas dificultades son tener que utilizar tijeras, cuadernillos y bancos para escribir, todos pensados para diestros.<\/p>\n<p>A lo largo de la historia, aquellos que tienen a la izquierda como su mano h\u00e1bil han sido corregidos para que no la usen para:<\/p>\n<p>Escribir, comer o cualquier otra actividad.<\/p>\n<h4>Hoy en d\u00eda, ser zurdo ya no se considera como algo reprehensible.<\/h4>\n<p>Se estima que el 13 por ciento de la poblaci\u00f3n mundial es zurda, siendo m\u00e1s com\u00fan entre los hombres que las mujeres.<\/p>\n<p>Se cree que la gen\u00e9tica tiene mucho que ver en esta condici\u00f3n.<\/p>\n<p>Suelen llevar ventaja en deportes como el f\u00fatbol, el boxeo y el tenis, ya que el hecho de ser minor\u00eda.<\/p>\n<p>Ademas de estar acostumbrados a enfrentarse a diestros les aporta una ventaja considerable.<\/p>\n<p>El t\u00e9rmino se asocia con la palabra en lat\u00edn sinistra, que significa a la izquierda.<\/p>\n<h4>Pero en la lengua anglosajona proviene de la palabra lyft, asociado con lo d\u00e9bil o roto.<\/h4>\n<p>Por eso, se sol\u00eda relacionar a las personas zurdas con el mal o la debilidad.<\/p>\n<p>Esto dio lugar a mitos, como que son m\u00e1s inteligentes, m\u00e1s introvertidos, que tienden al liderazgo o que tienen problemas de sue\u00f1o y de aprendizaje.<\/p>\n<p>Sin embargo, todos ellos son infundados.<\/p>\n<p>Lo que s\u00ed es cierto, es que hay muchas personalidades zurdas en el mundo de las artes, el deporte y la ciencia.<\/p>\n<p>Entre ellas, se encuentran Isaac Newton, Albert Einstein, Van Gogh, Leonardo da Vinci, Paul McCartney, David Bowie, Bob Dylan, Barack Obama y Bill Gates.<\/p>\n<p>Con esto, D\u00eda Internacional del Zurdo.<\/p>\n","protected":false},"excerpt":{"rendered":"<p>Personalidades zurdas Isaac Newton, Albert Einstein, Van Gogh, Leonardo da Vinci, Paul McCartney, David Bowie, Bob Dylan, Barack Obama y Bill Gates El D\u00eda Internacional del Zurdo es una jornada promovida por Lefthanders International, la Internacional de Zurdos. La iniciativa se remonta a 1976, cuando el fundador brit\u00e1nico de la internacional Dean Campbell convoc\u00f3 a [&hellip;]<\/p>\n","protected":false},"author":1,"featured_media":8297,"comment_status":"open","ping_status":"closed","sticky":false,"template":"","format":"standard","meta":{"footnotes":""},"categories":[2,5],"tags":[],"class_list":["post-8295","post","type-post","status-publish","format-standard","has-post-thumbnail","hentry","category-cultural","category-internacional"],"_links":{"self":[{"href":"https:\/\/podernacional.com\/index.php?rest_route=\/wp\/v2\/posts\/8295","targetHints":{"allow":["GET"]}}],"collection":[{"href":"https:\/\/podernacional.com\/index.php?rest_route=\/wp\/v2\/posts"}],"about":[{"href":"https:\/\/podernacional.com\/index.php?rest_route=\/wp\/v2\/types\/post"}],"author":[{"embeddable":true,"href":"https:\/\/podernacional.com\/index.php?rest_route=\/wp\/v2\/users\/1"}],"replies":[{"embeddable":true,"href":"https:\/\/podernacional.com\/index.php?rest_route=%2Fwp%2Fv2%2Fcomments&post=8295"}],"version-history":[{"count":1,"href":"https:\/\/podernacional.com\/index.php?rest_route=\/wp\/v2\/posts\/8295\/revisions"}],"predecessor-version":[{"id":8296,"href":"https:\/\/podernacional.com\/index.php?rest_route=\/wp\/v2\/posts\/8295\/revisions\/8296"}],"wp:featuredmedia":[{"embeddable":true,"href":"https:\/\/podernacional.com\/index.php?rest_route=\/wp\/v2\/media\/8297"}],"wp:attachment":[{"href":"https:\/\/podernacional.com\/index.php?rest_route=%2Fwp%2Fv2%2Fmedia&parent=8295"}],"wp:term":[{"taxonomy":"category","embeddable":true,"href":"https:\/\/podernacional.com\/index.php?rest_route=%2Fwp%2Fv2%2Fcategories&post=8295"},{"taxonomy":"post_tag","embeddable":true,"href":"https:\/\/podernacional.com\/index.php?rest_route=%2Fwp%2Fv2%2Ftags&post=8295"}],"curies":[{"name":"wp","href":"https:\/\/api.w.org\/{rel}","templated":true}]}}