{"id":8301,"date":"2022-08-13T13:51:12","date_gmt":"2022-08-13T18:51:12","guid":{"rendered":"https:\/\/podernacional.com\/?p=8301"},"modified":"2022-08-13T18:51:14","modified_gmt":"2022-08-13T18:51:14","slug":"concluye-el-curso-de-verano-del-issstezac","status":"publish","type":"post","link":"https:\/\/podernacional.com\/?p=8301","title":{"rendered":"\u00a0Concluye el Curso de Verano del ISSSTEZAC"},"content":{"rendered":"<h4>Exitoso regreso de las actividades veraniegas<\/h4>\n<p>ISSSTEZAC: Se desarrollaron actividades adicionales en La Encantada y el Boliche Centauro<\/p>\n<p>Despu\u00e9s de dos semanas llenas de actividades l\u00fadicas para 65 ni\u00f1as y ni\u00f1os entre los 5 y 12 a\u00f1os de edad.<\/p>\n<p>Ademas que se llev\u00f3 a cabo la clausura de los Cursos de Verano ISSSTEZAC 2022.<\/p>\n<p>Gracias a la determinaci\u00f3n del mandatario David Monreal \u00c1vila de ofrecer actividades recreativas para las y los ni\u00f1os zacatecanos.<\/p>\n<p>Por eso, este a\u00f1o el curso tuvo un regreso exitoso, lo que motiva a los directivos del Instituto de Seguridad y Servicios Sociales.<\/p>\n<p>As\u00ed como de los Trabajadores del Estado de Zacatecas a continuar con el trabajo a favor de sus derechohabientes, p\u00fablico en general, de sus familias.<\/p>\n<p>El Curso de Verano del ISSSTEZAC, se desarroll\u00f3 en la Plaza ISSSTEZAC, donde se impartieron talleres de Deportes, Actividades Recreativas.<\/p>\n<p>As\u00ed como de Cer\u00e1mica y Desarrollo Creativo en los cuales los ni\u00f1os se divirtieron y a la vez aprendieron de manera entretenida.<\/p>\n<p>Adem\u00e1s, tuvieron actividades fuera de la plaza; en primera instancia visitaron el parque recreativo La Encantada.<\/p>\n<p>Lugar donde disfrutaron del tradicional paseo en el Trenecito y admiraron a los animales del zool\u00f3gico, adem\u00e1s de recorrer todas las instalaciones.<\/p>\n<p>Por otro lado, visitaron El Boliche Centauro, en el cual tuvieron oportunidad de jugar a los bolos.<\/p>\n<h4>Al igual que de manera adicional convivir con un grupo de Scouts.<\/h4>\n<p>Con quienes participaron en actividades varias en el \u00e1rea exterior.<\/p>\n<p>Durante la ceremonia de clausura, la ni\u00f1a Ana Victoria Alonso, dirigi\u00f3 un mensaje para sus compa\u00f1eros.<\/p>\n<p>As\u00ed como que narr\u00f3 su experiencia con nuevos aprendizajes, as\u00ed como los momentos divertidos dentro del curso.<\/p>\n<p>Al clausurar el curso, el Director del ISSSTEZAC, Jos\u00e9 Ignacio S\u00e1nchez Gonz\u00e1lez.<\/p>\n<p>La cual ademas agradeci\u00f3 de manera especial a los padres de familia de los 65 ni\u00f1os asistentes por la confianza depositada en el Instituto.<\/p>\n<p>\u201cHoy vemos la cara social del Instituto, hoy finalizamos los Cursos de Verano 2022 que han sido un \u00e9xito gracias a Ustedes\u201d<\/p>\n<p>\u201cAdemas que han depositado toda su confianza en el ISSSTEZAC\u201d.<\/p>\n<p>\u201cContinuemos y confiemos de que podemos salir adelante, pero juntos\u2026 en Zacatecas Podemos\u201d, expres\u00f3.<\/p>\n<p>Acompa\u00f1aron al Director del ISSSTEZAC, Isabel Saucedo, de la Direcci\u00f3n de Prestaciones Econ\u00f3micas y Sociales<\/p>\n<p>Karina Goytia de la Subdirecci\u00f3n de Prestaciones Sociales.<\/p>\n<p>Cruz Alberto Moreno, de Calidad del Deporte en representaci\u00f3n del Director del Incufidez.<\/p>\n<p>Rene Contreras de la Direcci\u00f3n de Administraci\u00f3n y Finanzas del ISSSTEZAC.<\/p>\n","protected":false},"excerpt":{"rendered":"<p>Exitoso regreso de las actividades veraniegas ISSSTEZAC: Se desarrollaron actividades adicionales en La Encantada y el Boliche Centauro Despu\u00e9s de dos semanas llenas de actividades l\u00fadicas para 65 ni\u00f1as y ni\u00f1os entre los 5 y 12 a\u00f1os de edad. Ademas que se llev\u00f3 a cabo la clausura de los Cursos de Verano ISSSTEZAC 2022. Gracias [&hellip;]<\/p>\n","protected":false},"author":1,"featured_media":8303,"comment_status":"open","ping_status":"closed","sticky":false,"template":"","format":"standard","meta":{"footnotes":""},"categories":[7,9],"tags":[],"class_list":["post-8301","post","type-post","status-publish","format-standard","has-post-thumbnail","hentry","category-nacional","category-politica"],"_links":{"self":[{"href":"https:\/\/podernacional.com\/index.php?rest_route=\/wp\/v2\/posts\/8301","targetHints":{"allow":["GET"]}}],"collection":[{"href":"https:\/\/podernacional.com\/index.php?rest_route=\/wp\/v2\/posts"}],"about":[{"href":"https:\/\/podernacional.com\/index.php?rest_route=\/wp\/v2\/types\/post"}],"author":[{"embeddable":true,"href":"https:\/\/podernacional.com\/index.php?rest_route=\/wp\/v2\/users\/1"}],"replies":[{"embeddable":true,"href":"https:\/\/podernacional.com\/index.php?rest_route=%2Fwp%2Fv2%2Fcomments&post=8301"}],"version-history":[{"count":1,"href":"https:\/\/podernacional.com\/index.php?rest_route=\/wp\/v2\/posts\/8301\/revisions"}],"predecessor-version":[{"id":8302,"href":"https:\/\/podernacional.com\/index.php?rest_route=\/wp\/v2\/posts\/8301\/revisions\/8302"}],"wp:featuredmedia":[{"embeddable":true,"href":"https:\/\/podernacional.com\/index.php?rest_route=\/wp\/v2\/media\/8303"}],"wp:attachment":[{"href":"https:\/\/podernacional.com\/index.php?rest_route=%2Fwp%2Fv2%2Fmedia&parent=8301"}],"wp:term":[{"taxonomy":"category","embeddable":true,"href":"https:\/\/podernacional.com\/index.php?rest_route=%2Fwp%2Fv2%2Fcategories&post=8301"},{"taxonomy":"post_tag","embeddable":true,"href":"https:\/\/podernacional.com\/index.php?rest_route=%2Fwp%2Fv2%2Ftags&post=8301"}],"curies":[{"name":"wp","href":"https:\/\/api.w.org\/{rel}","templated":true}]}}