{"id":8310,"date":"2022-08-13T14:35:07","date_gmt":"2022-08-13T19:35:07","guid":{"rendered":"https:\/\/podernacional.com\/?p=8310"},"modified":"2022-08-13T19:35:08","modified_gmt":"2022-08-13T19:35:08","slug":"imss-bienestar-sera-un-fracaso-carece-de-legalidad-pan","status":"publish","type":"post","link":"https:\/\/podernacional.com\/?p=8310","title":{"rendered":"IMSS-Bienestar ser\u00e1 un fracaso; carece de legalidad: PAN"},"content":{"rendered":"<h4>El Grupo Parlamentario del PAN precis\u00f3 que el Gobierno Federal dej\u00f3 en el abandono al Insabi.<\/h4>\n<p>IMSS-Bienestar: Ademas que acusa de querer quitarle la administraci\u00f3n de los recursos para hacer ajustes en el sistema de salud<\/p>\n<p>El PAN asegur\u00f3 que el IMSS-Bienestar est\u00e1 improvisado y la estrategia carece de legalidad.<\/p>\n<p>El Grupo Parlamentario del PAN en la C\u00e1mara de Diputados asegur\u00f3 que el decreto para sustituir al Instituto de Salud para el Bienestar (Insabi).<\/p>\n<p>Con esto mencionan que carece de legalidad y no va a funcionar.<\/p>\n<p>\u201cCondenamos que el Presidente y su gabinete quieran gobernar a decretazos violando la ley.<\/p>\n<p>Ahora viene un nuevo decreto para hacer \u201cajustes\u201d en el sistema de salud, que carecen de legalidad y est\u00e1n improvisados.<\/p>\n<p>Ademas de que al ante el fracaso de un Insabi que desde su creaci\u00f3n en enero de 2020 fue inoperante\u201d.<\/p>\n<p>Destac\u00f3 el diputado \u00c9ctor Jaime Ram\u00edrez Barba.<\/p>\n<h4>El legislador dijo que es confuso que ahora el Presidente Andr\u00e9s Manuel L\u00f3pez Obrador.<\/h4>\n<p>Ademas menciona que desee crear un organismo descentralizado para las personas que no cuenten con seguridad social, a trav\u00e9s del IMSS.<\/p>\n<p>\u201cLo que est\u00e1 claro, es que el Insabi es un fracaso y ahora un estorbo para el Gobierno Federal\u201d.<\/p>\n<p>\u201cPor ello, de manera discreta pero absurda e ilegal, quieren quitarle la administraci\u00f3n de los recursos\u201d<\/p>\n<p>Que sea el IMSS- Bienestar quien intente corregir todo el desastre que causaron y no logran resolver\u201d, dijo.<\/p>\n<p>El legislador detall\u00f3 que el Insabi ha sido la ruina del derecho a la salud en M\u00e9xico.<\/p>\n<p>Pero ahora se transforma en abandono, pues asever\u00f3 que se trata de debilitarlo para desaparecerlo, como pas\u00f3 en su momento con el Seguro Popular.<\/p>\n","protected":false},"excerpt":{"rendered":"<p>El Grupo Parlamentario del PAN precis\u00f3 que el Gobierno Federal dej\u00f3 en el abandono al Insabi. IMSS-Bienestar: Ademas que acusa de querer quitarle la administraci\u00f3n de los recursos para hacer ajustes en el sistema de salud El PAN asegur\u00f3 que el IMSS-Bienestar est\u00e1 improvisado y la estrategia carece de legalidad. El Grupo Parlamentario del PAN [&hellip;]<\/p>\n","protected":false},"author":1,"featured_media":8312,"comment_status":"open","ping_status":"closed","sticky":false,"template":"","format":"standard","meta":{"footnotes":""},"categories":[7,9,11],"tags":[],"class_list":["post-8310","post","type-post","status-publish","format-standard","has-post-thumbnail","hentry","category-nacional","category-politica","category-salud"],"_links":{"self":[{"href":"https:\/\/podernacional.com\/index.php?rest_route=\/wp\/v2\/posts\/8310","targetHints":{"allow":["GET"]}}],"collection":[{"href":"https:\/\/podernacional.com\/index.php?rest_route=\/wp\/v2\/posts"}],"about":[{"href":"https:\/\/podernacional.com\/index.php?rest_route=\/wp\/v2\/types\/post"}],"author":[{"embeddable":true,"href":"https:\/\/podernacional.com\/index.php?rest_route=\/wp\/v2\/users\/1"}],"replies":[{"embeddable":true,"href":"https:\/\/podernacional.com\/index.php?rest_route=%2Fwp%2Fv2%2Fcomments&post=8310"}],"version-history":[{"count":1,"href":"https:\/\/podernacional.com\/index.php?rest_route=\/wp\/v2\/posts\/8310\/revisions"}],"predecessor-version":[{"id":8311,"href":"https:\/\/podernacional.com\/index.php?rest_route=\/wp\/v2\/posts\/8310\/revisions\/8311"}],"wp:featuredmedia":[{"embeddable":true,"href":"https:\/\/podernacional.com\/index.php?rest_route=\/wp\/v2\/media\/8312"}],"wp:attachment":[{"href":"https:\/\/podernacional.com\/index.php?rest_route=%2Fwp%2Fv2%2Fmedia&parent=8310"}],"wp:term":[{"taxonomy":"category","embeddable":true,"href":"https:\/\/podernacional.com\/index.php?rest_route=%2Fwp%2Fv2%2Fcategories&post=8310"},{"taxonomy":"post_tag","embeddable":true,"href":"https:\/\/podernacional.com\/index.php?rest_route=%2Fwp%2Fv2%2Ftags&post=8310"}],"curies":[{"name":"wp","href":"https:\/\/api.w.org\/{rel}","templated":true}]}}