{"id":8316,"date":"2022-08-15T20:09:06","date_gmt":"2022-08-16T01:09:06","guid":{"rendered":"https:\/\/podernacional.com\/?p=8316"},"modified":"2022-08-16T01:09:07","modified_gmt":"2022-08-16T01:09:07","slug":"gran-cierre-festival-de-verano-concierto-show-de-drones-y-50-mil-asistentes","status":"publish","type":"post","link":"https:\/\/podernacional.com\/?p=8316","title":{"rendered":"\u00a1Gran cierre Festival de Verano! Concierto, show de drones y 50 mil asistentes"},"content":{"rendered":"<h4>Desde las 3:00 de la tarde los asistentes disfrutaron de este de concierto en el que participaron artistas como Chocquibtown y el Grupo Niche.<\/h4>\n<p>Festival de Verano: En medio de 50 mil personas, <a href=\"https:\/\/twitter.com\/ClaudiaLopez\">la alcaldesa Claudia L\u00f3pez<\/a> desafi\u00f3 el fr\u00edo capitalino y disfrut\u00f3 el gran concierto de cierre del Festival de Verano.<\/p>\n<p>As\u00ed como en la Plaza de Eventos del parque Sim\u00f3n Bol\u00edvar con el grupo Niche y Choquibtown, entre otros reconocidos artistas.<\/p>\n<p>\u201cMil gracias a todos por acompa\u00f1arnos en este s\u00faper cierre del Festival de Verano y en la celebraci\u00f3n de los 484 cumplea\u00f1os de Bogot\u00e1\u201d.<\/p>\n<p>\u201cAdemas que la hemos pasado felices porque, bajo el sol, bajo la lluvia, siempre hay verano en Bogot\u00e1\u201d, dijo la Alcaldesa Mayor de la ciudad.<\/p>\n<p>\u201cLo que importa siempre es la buena energ\u00eda, gracias a nuestros ciudadanos maravillosos que han ido a los parques, han hecho deporte.<\/p>\n<p>As\u00ed como que\u00a0han hecho cultura y tambi\u00e9n se disfrutaron el conciertazo de cierre\u201d, asegur\u00f3 la mandataria.<\/p>\n<p>La actividad musical, completamente gratuita para los asistentes.<\/p>\n<p>Tambi\u00e9n conmemor\u00f3 el cierre de la versi\u00f3n 25 del Festival de Verano de Bogot\u00e1, y reuni\u00f3 en un mismo escenario al grupo:<\/p>\n<p>Niche, Chocquibtown, Twister El Rey, Felipe \u201cPipe\u201d Pel\u00e1ez, Juan Palau, Omar Geles, Lil Silvio &amp; El Vega.<\/p>\n<p>Quienes cantaron y deleitaron a m\u00e1s de 50.000 espectadores.<\/p>\n<h4>La sorpresa de la noche fue el espectacular show de drones, que se realiz\u00f3 con 150 de estos dispositivos.<\/h4>\n<p>Ademas que se tomaron el cielo capitalino y lo iluminaron por m\u00e1s de 15 minutos, sin emitir gases, ni afectar el medio ambiente conformando figuras.<\/p>\n<p>Ademas de\u00a0marcas emblem\u00e1ticas de la ciudad como la bici o el logo de Bogot\u00e1 y del Instituto Distrital de Recreaci\u00f3n y Deporte, IDRD.<\/p>\n<p>La Alcaldesa comparti\u00f3 en su cuenta de twitter algunas im\u00e1genes de este espectacular show de drones:<\/p>\n<p>El cielo bogotano se ilumin\u00f3 con el show de drones para despedir por lo alto nuestro #FestivalDeVerano.<\/p>\n<p>La mejor forma de celebrar este cumplea\u00f1os 484 de nuestra Bogot\u00e1 es protegiendo su medio ambiente y a los animalitos que viven en ella.<\/p>\n<p>Aqu\u00ed le decimos no a la p\u00f3lvora. pic.twitter.com\/Qo4OtUFgmJ<\/p>\n<p>\u2014 Claudia L\u00f3pez Hern\u00e1ndez (@ClaudiaLopez) August 15, 2022<\/p>\n<h4>Finalmente, la Alcaldesa de Bogot\u00e1 reiter\u00f3 a las y los bogotanos la invitaci\u00f3n a la tercera versi\u00f3n del Fritanga Fest.<\/h4>\n<p>El cual es\u00a0organizado por el Instituto para la Econom\u00eda Social (IPES) en Plazas Distritales de Mercado, 10 restaurantes privados.<\/p>\n<p>As\u00ed como del Punto Comercial de Cuatro Vientos, en la localidad de Antonio Nari\u00f1o.<\/p>\n<p>\u201cSeguimos en puente, seguimos en Festival de Verano, vayan a las plazas de mercado y disfruten del Fritanga Fest\u201d.<\/p>\n<p>\u201cC\u00f3mprenle a los campesinos y c\u00f3manse su platico de fritanga para celebrar; vengan al Sim\u00f3n Bol\u00edvar porque ac\u00e1 sigue el Festival de Verano\u201d.<\/p>\n<p>\u201cSigue la cultura y sigue la fiesta porque \u00a1Bogot\u00e1 est\u00e1 mejorando!\u201d, afirm\u00f3.<\/p>\n<p>Es de aclarar que, pese a que el cierre protocolario del Festival de Verano se realiz\u00f3 anoche con el gran concierto y el show de drones.<\/p>\n<p>Al igual que\u00a0este lunes los bogotanos y visitantes podr\u00e1n seguir disfrutando las actividades de recreaci\u00f3n.<\/p>\n<p>Igualmente como de deporte en 22 diferentes parques de la ciudad, como el Tunal, Sim\u00f3n Bol\u00edvar y el Country, entre otros.<\/p>\n","protected":false},"excerpt":{"rendered":"<p>Desde las 3:00 de la tarde los asistentes disfrutaron de este de concierto en el que participaron artistas como Chocquibtown y el Grupo Niche. Festival de Verano: En medio de 50 mil personas, la alcaldesa Claudia L\u00f3pez desafi\u00f3 el fr\u00edo capitalino y disfrut\u00f3 el gran concierto de cierre del Festival de Verano. As\u00ed como en [&hellip;]<\/p>\n","protected":false},"author":1,"featured_media":8318,"comment_status":"open","ping_status":"closed","sticky":false,"template":"","format":"standard","meta":{"footnotes":""},"categories":[2,5],"tags":[],"class_list":["post-8316","post","type-post","status-publish","format-standard","has-post-thumbnail","hentry","category-cultural","category-internacional"],"_links":{"self":[{"href":"https:\/\/podernacional.com\/index.php?rest_route=\/wp\/v2\/posts\/8316","targetHints":{"allow":["GET"]}}],"collection":[{"href":"https:\/\/podernacional.com\/index.php?rest_route=\/wp\/v2\/posts"}],"about":[{"href":"https:\/\/podernacional.com\/index.php?rest_route=\/wp\/v2\/types\/post"}],"author":[{"embeddable":true,"href":"https:\/\/podernacional.com\/index.php?rest_route=\/wp\/v2\/users\/1"}],"replies":[{"embeddable":true,"href":"https:\/\/podernacional.com\/index.php?rest_route=%2Fwp%2Fv2%2Fcomments&post=8316"}],"version-history":[{"count":1,"href":"https:\/\/podernacional.com\/index.php?rest_route=\/wp\/v2\/posts\/8316\/revisions"}],"predecessor-version":[{"id":8317,"href":"https:\/\/podernacional.com\/index.php?rest_route=\/wp\/v2\/posts\/8316\/revisions\/8317"}],"wp:featuredmedia":[{"embeddable":true,"href":"https:\/\/podernacional.com\/index.php?rest_route=\/wp\/v2\/media\/8318"}],"wp:attachment":[{"href":"https:\/\/podernacional.com\/index.php?rest_route=%2Fwp%2Fv2%2Fmedia&parent=8316"}],"wp:term":[{"taxonomy":"category","embeddable":true,"href":"https:\/\/podernacional.com\/index.php?rest_route=%2Fwp%2Fv2%2Fcategories&post=8316"},{"taxonomy":"post_tag","embeddable":true,"href":"https:\/\/podernacional.com\/index.php?rest_route=%2Fwp%2Fv2%2Ftags&post=8316"}],"curies":[{"name":"wp","href":"https:\/\/api.w.org\/{rel}","templated":true}]}}