{"id":8322,"date":"2022-08-15T20:24:39","date_gmt":"2022-08-16T01:24:39","guid":{"rendered":"https:\/\/podernacional.com\/?p=8322"},"modified":"2022-08-16T01:24:40","modified_gmt":"2022-08-16T01:24:40","slug":"por-su-salud-mental-tom-holland-abandona-las-redes-sociales","status":"publish","type":"post","link":"https:\/\/podernacional.com\/?p=8322","title":{"rendered":"Por su salud mental, Tom Holland abandona las redes sociales"},"content":{"rendered":"<h4>Tom Holland sorprendi\u00f3 a todos sus fan\u00e1ticos en las \u00faltimas horas al anunciar que se retirar\u00e1 de las redes sociales por su salud mental.<\/h4>\n<p>Tom Holland: El actor cont\u00f3 los detalles de su decisi\u00f3n y lo dif\u00edcil que se le hizo compartir esta noticia con el mundo entero.<\/p>\n<p>A trav\u00e9s de un video en Instagram, que se replic\u00f3 en las dem\u00e1s plataformas, el actor de 26 a\u00f1os relat\u00f3 que lo que le\u00eda en Twitter.<\/p>\n<p>Por ejemplo, le afectaba de sobremanera.<\/p>\n<p>Por tal motivo, escuch\u00f3 a su equipo de profesionales y tom\u00f3 la determinaci\u00f3n de eliminar las plataformas de sus aparatos tecnol\u00f3gicos.<\/p>\n<p>La misma incluy\u00f3 a Twitter e Instagram principalmente, al ser las de mayor masividad a nivel mundial.<\/p>\n<p>Una situaci\u00f3n similar pasaron sus colegas de renombre como Millie Bobby Brown, Selena G\u00f3mez y Justin Bieber, entre otros.<\/p>\n<h4>Seg\u00fan relat\u00f3 en el video Tom Holland, nunca pens\u00f3 que para \u00e9l.<\/h4>\n<p>-Que pas\u00f3 los \u00faltimos 14 a\u00f1os frente a una c\u00e1mara- ser\u00eda tan dificultoso hablar frente a su celular.<\/p>\n<p>Mencionan que para sus m\u00e1s de 67 millones de seguidores en las redes sociales.<\/p>\n<p>\u201cParece que no puedo decir lo que necesito sin mencionar muletillas cada cinco minutos\u201d, brome\u00f3 sobre sus nervios.<\/p>\n<p>\u201cHola y adi\u00f3s\u201d, comenz\u00f3 el comunicado que se extendi\u00f3 por todo el planeta en cuesti\u00f3n de horas.<\/p>\n<p>\u201cTom\u00e9 un descanso de las redes sociales por mi salud mental. Twitter e Instagram son sobreestimulantes y abrumadoras\u201d, detall\u00f3 a continuaci\u00f3n.<\/p>\n<p>Revel\u00f3, tambi\u00e9n, que muchas veces lee algo sobre \u00e9l en internet.<\/p>\n<p>Ademas que\u00a0luego se siente \u201catormentado\u201d ya que no puede desprender esos pensamientos de su mente.<\/p>\n<p>Tras considerar que es momento de pedir ayuda y de \u201chablar de salud mental\u201d.<\/p>\n<p>Ademas que a\u00f1adi\u00f3 que entiende que muchas veces puede \u201cavergonzarnos\u201d pero \u201ces algo m\u00e1s f\u00e1cil de decir que de hacer\u201d.<\/p>\n<p>As\u00ed, etiquet\u00f3 a algunas agrupaciones que ayudan a las personas a salir adelante en los momentos m\u00e1s duros en cuanto a la salud mental.<\/p>\n<p>&nbsp;<\/p>\n<p>&nbsp;<\/p>\n","protected":false},"excerpt":{"rendered":"<p>Tom Holland sorprendi\u00f3 a todos sus fan\u00e1ticos en las \u00faltimas horas al anunciar que se retirar\u00e1 de las redes sociales por su salud mental. Tom Holland: El actor cont\u00f3 los detalles de su decisi\u00f3n y lo dif\u00edcil que se le hizo compartir esta noticia con el mundo entero. A trav\u00e9s de un video en Instagram, [&hellip;]<\/p>\n","protected":false},"author":1,"featured_media":8324,"comment_status":"open","ping_status":"closed","sticky":false,"template":"","format":"standard","meta":{"footnotes":""},"categories":[4,5],"tags":[],"class_list":["post-8322","post","type-post","status-publish","format-standard","has-post-thumbnail","hentry","category-espectaculos","category-internacional"],"_links":{"self":[{"href":"https:\/\/podernacional.com\/index.php?rest_route=\/wp\/v2\/posts\/8322","targetHints":{"allow":["GET"]}}],"collection":[{"href":"https:\/\/podernacional.com\/index.php?rest_route=\/wp\/v2\/posts"}],"about":[{"href":"https:\/\/podernacional.com\/index.php?rest_route=\/wp\/v2\/types\/post"}],"author":[{"embeddable":true,"href":"https:\/\/podernacional.com\/index.php?rest_route=\/wp\/v2\/users\/1"}],"replies":[{"embeddable":true,"href":"https:\/\/podernacional.com\/index.php?rest_route=%2Fwp%2Fv2%2Fcomments&post=8322"}],"version-history":[{"count":1,"href":"https:\/\/podernacional.com\/index.php?rest_route=\/wp\/v2\/posts\/8322\/revisions"}],"predecessor-version":[{"id":8323,"href":"https:\/\/podernacional.com\/index.php?rest_route=\/wp\/v2\/posts\/8322\/revisions\/8323"}],"wp:featuredmedia":[{"embeddable":true,"href":"https:\/\/podernacional.com\/index.php?rest_route=\/wp\/v2\/media\/8324"}],"wp:attachment":[{"href":"https:\/\/podernacional.com\/index.php?rest_route=%2Fwp%2Fv2%2Fmedia&parent=8322"}],"wp:term":[{"taxonomy":"category","embeddable":true,"href":"https:\/\/podernacional.com\/index.php?rest_route=%2Fwp%2Fv2%2Fcategories&post=8322"},{"taxonomy":"post_tag","embeddable":true,"href":"https:\/\/podernacional.com\/index.php?rest_route=%2Fwp%2Fv2%2Ftags&post=8322"}],"curies":[{"name":"wp","href":"https:\/\/api.w.org\/{rel}","templated":true}]}}