{"id":8328,"date":"2022-08-15T20:34:09","date_gmt":"2022-08-16T01:34:09","guid":{"rendered":"https:\/\/podernacional.com\/?p=8328"},"modified":"2022-08-16T01:34:11","modified_gmt":"2022-08-16T01:34:11","slug":"imparten-talleres-en-cancun-sobre-habilidades-laborales","status":"publish","type":"post","link":"https:\/\/podernacional.com\/?p=8328","title":{"rendered":"Imparten talleres en Canc\u00fan sobre habilidades laborales"},"content":{"rendered":"<h4>A fin de instruir a los ciudadanos con habilidades que puedan servirles para su entorno laboral y desarrollo profesional.<\/h4>\n<p>Talleres en Canc\u00fan : As\u00ed como del Instituto de Capacitaci\u00f3n en Calidad (ICCAL) de Benito Ju\u00e1rez.<\/p>\n<p>El cual menciona que incluye cuatro cursos en la segunda parte de agosto enfocados a esas \u00e1reas sociales.<\/p>\n<p>El tema \u201cTrabajo en equipo\u201d ser\u00e1 impartido el mi\u00e9rcoles 17 de agosto de 10:00 a 12:00 horas.<\/p>\n<p>Con fecha del viernes 26, \u201cNuevas masculinidades para la prevenci\u00f3n de la violencia de g\u00e9nero\u201d, de 11:00 a 13:00 horas.<\/p>\n<p>El martes 30, \u201cLiderazgo asertivo\u201d, de 10:00 a 12:00 horas.<\/p>\n<p>Y por ultimo el mi\u00e9rcoles 31, \u201cInnovaci\u00f3n en tiempos adversos\u201d, de 11:00 a 13:00 horas.<\/p>\n<p>Todos estos talleres son gratuitos a trav\u00e9s de la plataforma de videollamadas Zoom.<\/p>\n<p>Tambi\u00e9n pueden acceder los servidores p\u00fablicos del Ayuntamiento, por lo que se pide previamente a todos los interesados inscribirse en la liga:<\/p>\n<p>https:\/\/forms.gle\/vvJp3qMDB2jUfZ7p6 en la cual tambi\u00e9n pueden consultar las fichas t\u00e9cnicas de cada curso.<\/p>\n<h4>De manera espec\u00edfica, \u00a0para los trabajadores del gobierno actual se facilitan temas para mejorar el desempe\u00f1o en el servicio p\u00fablico, como son:<\/h4>\n<p>\u201cMarco Integrado de Control Interno\u201d, del 15 al 21 de agosto, en la plataforma Moodle <a href=\"https:\/\/iccal.moodlecloud.com.\"><u>https:\/\/iccal.moodlecloud.com<\/u><u>.<\/u><\/a><\/p>\n<p>As\u00ed como de la\u00a0\u201cOrtograf\u00eda\u201d y del 29 de agosto al 23 de septiembre de 14:00 a 16:00 horas, en la tele aula del ICCAL.<\/p>\n<p>Tomando en cuenta la importancia de la inclusi\u00f3n, se les proporcionar\u00e1 tambi\u00e9n a los trabajadores municipales el taller virtual por Zoom:<\/p>\n<p>\u201cGenerando una cultura de la discapacidad desde el servicio p\u00fablico\u201d.<\/p>\n<p>Del 29 de agosto al 9 de septiembre, los d\u00edas lunes, mi\u00e9rcoles y viernes de 14:00 a 16:00 horas.<\/p>\n<p>Para cualquier informaci\u00f3n adicional, comunicarse al n\u00famero 9988 87 89 29.<\/p>\n<p>Con\u00a0en el correo electr\u00f3nico iccal.capacitacion@gmail.com y\/o en las redes sociales oficiales que son Iccal.cancun en Facebook e ICCAL_CANCUN en Twitter.<\/p>\n","protected":false},"excerpt":{"rendered":"<p>A fin de instruir a los ciudadanos con habilidades que puedan servirles para su entorno laboral y desarrollo profesional. Talleres en Canc\u00fan : As\u00ed como del Instituto de Capacitaci\u00f3n en Calidad (ICCAL) de Benito Ju\u00e1rez. El cual menciona que incluye cuatro cursos en la segunda parte de agosto enfocados a esas \u00e1reas sociales. El tema [&hellip;]<\/p>\n","protected":false},"author":1,"featured_media":8330,"comment_status":"open","ping_status":"closed","sticky":false,"template":"","format":"standard","meta":{"footnotes":""},"categories":[2,6,10],"tags":[],"class_list":["post-8328","post","type-post","status-publish","format-standard","has-post-thumbnail","hentry","category-cultural","category-local","category-quintana-roo"],"_links":{"self":[{"href":"https:\/\/podernacional.com\/index.php?rest_route=\/wp\/v2\/posts\/8328","targetHints":{"allow":["GET"]}}],"collection":[{"href":"https:\/\/podernacional.com\/index.php?rest_route=\/wp\/v2\/posts"}],"about":[{"href":"https:\/\/podernacional.com\/index.php?rest_route=\/wp\/v2\/types\/post"}],"author":[{"embeddable":true,"href":"https:\/\/podernacional.com\/index.php?rest_route=\/wp\/v2\/users\/1"}],"replies":[{"embeddable":true,"href":"https:\/\/podernacional.com\/index.php?rest_route=%2Fwp%2Fv2%2Fcomments&post=8328"}],"version-history":[{"count":1,"href":"https:\/\/podernacional.com\/index.php?rest_route=\/wp\/v2\/posts\/8328\/revisions"}],"predecessor-version":[{"id":8329,"href":"https:\/\/podernacional.com\/index.php?rest_route=\/wp\/v2\/posts\/8328\/revisions\/8329"}],"wp:featuredmedia":[{"embeddable":true,"href":"https:\/\/podernacional.com\/index.php?rest_route=\/wp\/v2\/media\/8330"}],"wp:attachment":[{"href":"https:\/\/podernacional.com\/index.php?rest_route=%2Fwp%2Fv2%2Fmedia&parent=8328"}],"wp:term":[{"taxonomy":"category","embeddable":true,"href":"https:\/\/podernacional.com\/index.php?rest_route=%2Fwp%2Fv2%2Fcategories&post=8328"},{"taxonomy":"post_tag","embeddable":true,"href":"https:\/\/podernacional.com\/index.php?rest_route=%2Fwp%2Fv2%2Ftags&post=8328"}],"curies":[{"name":"wp","href":"https:\/\/api.w.org\/{rel}","templated":true}]}}