{"id":8331,"date":"2022-08-15T20:37:43","date_gmt":"2022-08-16T01:37:43","guid":{"rendered":"https:\/\/podernacional.com\/?p=8331"},"modified":"2022-08-16T01:37:44","modified_gmt":"2022-08-16T01:37:44","slug":"entrega-gobierno-de-zacatecas-auxiliares-auditivos","status":"publish","type":"post","link":"https:\/\/podernacional.com\/?p=8331","title":{"rendered":"Entrega Gobierno de Zacatecas auxiliares auditivos"},"content":{"rendered":"<h4>Se entregaron 230 equipos para la audici\u00f3n<\/h4>\n<p>Auxiliares auditivos: La discapacidad auditiva se presenta en una de cada cinco personas a partir de los 60 a\u00f1os de edad<\/p>\n<p>Zacatecas, Zac., Agosto de 2022.- Para el Gobierno encabezado por David Monreal \u00c1vila es prioridad el bienestar de las y los zacatecanos.<\/p>\n<p>As\u00ed como brindar las herramientas para la atenci\u00f3n e inclusi\u00f3n de las personas con alguna discapacidad.<\/p>\n<p>Es por eso que, a trav\u00e9s de la <a href=\"https:\/\/www.gob.mx\/salud\">Secretar\u00eda de Salud<\/a> (SSZ), fueron entregados 230 aparatos auditivos.<\/p>\n<p>Uswaldo Pinedo Barrios, titular de la SSZ, destac\u00f3 el decidido apoyo del mandatario a quienes presentan alguna discapacidad auditiva.<\/p>\n<p>De la cual aumenta su incidencia con el paso de la edad.<\/p>\n<p>Al respecto, inform\u00f3 que en el grupo poblacional de 60 a 74 a\u00f1os.<\/p>\n<h4>Ademas que la discapacidad auditiva se presenta en una de cada cinco personas y a partir de los 75 a\u00f1os, dicha tasa se duplica.<\/h4>\n<p>En esta jornada se entregaron 230 auxiliares auditivos que beneficiar\u00e1n a 115 personas que habitan en los municipios de:<\/p>\n<p>Valpara\u00edso, General Enrique Estrada, Fresnillo, Villa Hidalgo, Monte Escobedo, Trancoso, Ojocaliente, Noria de \u00c1ngeles, Villanueva, Genaro Codina.<\/p>\n<p>As\u00ed como de\u00a0Garc\u00eda de la Cadena, Trancoso, Villa de Cos, El Salvador y la zona conurbada Guadalupe \u2013 Zacatecas.<\/p>\n<p>A los beneficiarios tambi\u00e9n se les realizaron audiometr\u00edas, moldes y adaptaci\u00f3n de los aparatos para la audici\u00f3n.<\/p>\n<p>As\u00ed como una breve pl\u00e1tica sobre su correcta utilizaci\u00f3n.<\/p>\n<p>Cabe destacar que el valor comercial de cada par de dichos equipos oscila entre los 15 y 17 mil pesos.<\/p>\n<p>Por lo que los apoyos adem\u00e1s de mejorar la salud de los beneficiarios, representa un respaldo econ\u00f3mico para sus familias.<\/p>\n","protected":false},"excerpt":{"rendered":"<p>Se entregaron 230 equipos para la audici\u00f3n Auxiliares auditivos: La discapacidad auditiva se presenta en una de cada cinco personas a partir de los 60 a\u00f1os de edad Zacatecas, Zac., Agosto de 2022.- Para el Gobierno encabezado por David Monreal \u00c1vila es prioridad el bienestar de las y los zacatecanos. As\u00ed como brindar las herramientas [&hellip;]<\/p>\n","protected":false},"author":1,"featured_media":8333,"comment_status":"open","ping_status":"closed","sticky":false,"template":"","format":"standard","meta":{"footnotes":""},"categories":[7,9],"tags":[],"class_list":["post-8331","post","type-post","status-publish","format-standard","has-post-thumbnail","hentry","category-nacional","category-politica"],"_links":{"self":[{"href":"https:\/\/podernacional.com\/index.php?rest_route=\/wp\/v2\/posts\/8331","targetHints":{"allow":["GET"]}}],"collection":[{"href":"https:\/\/podernacional.com\/index.php?rest_route=\/wp\/v2\/posts"}],"about":[{"href":"https:\/\/podernacional.com\/index.php?rest_route=\/wp\/v2\/types\/post"}],"author":[{"embeddable":true,"href":"https:\/\/podernacional.com\/index.php?rest_route=\/wp\/v2\/users\/1"}],"replies":[{"embeddable":true,"href":"https:\/\/podernacional.com\/index.php?rest_route=%2Fwp%2Fv2%2Fcomments&post=8331"}],"version-history":[{"count":1,"href":"https:\/\/podernacional.com\/index.php?rest_route=\/wp\/v2\/posts\/8331\/revisions"}],"predecessor-version":[{"id":8332,"href":"https:\/\/podernacional.com\/index.php?rest_route=\/wp\/v2\/posts\/8331\/revisions\/8332"}],"wp:featuredmedia":[{"embeddable":true,"href":"https:\/\/podernacional.com\/index.php?rest_route=\/wp\/v2\/media\/8333"}],"wp:attachment":[{"href":"https:\/\/podernacional.com\/index.php?rest_route=%2Fwp%2Fv2%2Fmedia&parent=8331"}],"wp:term":[{"taxonomy":"category","embeddable":true,"href":"https:\/\/podernacional.com\/index.php?rest_route=%2Fwp%2Fv2%2Fcategories&post=8331"},{"taxonomy":"post_tag","embeddable":true,"href":"https:\/\/podernacional.com\/index.php?rest_route=%2Fwp%2Fv2%2Ftags&post=8331"}],"curies":[{"name":"wp","href":"https:\/\/api.w.org\/{rel}","templated":true}]}}