{"id":8346,"date":"2022-08-16T17:37:50","date_gmt":"2022-08-16T22:37:50","guid":{"rendered":"https:\/\/podernacional.com\/?p=8346"},"modified":"2022-08-16T22:37:51","modified_gmt":"2022-08-16T22:37:51","slug":"arlington-celebro-el-festival-latino-viva-cultura","status":"publish","type":"post","link":"https:\/\/podernacional.com\/?p=8346","title":{"rendered":"Arlington celebr\u00f3 el festival latino Viva Cultura"},"content":{"rendered":"<h4>Docenas de familias del \u00e1rea disfrutaron del festival, bailaron y pudieron adquirir artesan\u00edas de sus pa\u00edses.<\/h4>\n<p>Arlington : El Centro de Asistencia a las Familias (CAF) celebr\u00f3 por segundo a\u00f1o consecutivo el <a href=\"https:\/\/viva-cultura.com\/\">festival latino Viva Cultura<\/a> en el Gateway Park, de Arlington, Virginia.<\/p>\n<p>Durante la actividad, docenas de familias disfrutaron de comida, m\u00fasica, artesan\u00edas y actividades propias de la cultura hispana.<\/p>\n<p>\u201cEste evento es una oportunidad de celebrar nuestra cultura.<\/p>\n<p>Le damos la bienvenida a todos los miembros de nuestra comunidad de la zona de Arlington\u201d, se\u00f1al\u00f3 Walkiria Pool, directora y fundadora de CAF.<\/p>\n<p>El objetivo principal del festival es promover el empoderamiento econ\u00f3mico de los hispanos residentes en el \u00e1rea del DMV, especialmente en Arlington.<\/p>\n<p>Los organizadores se\u00f1alan que durante actividades se logra el trabajo conjunto entre organizaciones sociales y religiosas.<\/p>\n<p>Festival \u00a1Viva Cultura! regresa por segundo a\u00f1o consecutivo<\/p>\n<p>Como invitados especiales asistieron miembros del Consejo y de la Junta Directiva del condado de Arlington.<\/p>\n<p>Ademas de quienes destacaron la importancia de estas acciones para reforzar y reconocer la diversidad en la localidad.<\/p>\n<p>\u201cLa comunidad se consolida a trav\u00e9s de este tipo de eventos, donde nos reunimos y disfrutamos de las plazas p\u00fablicas, las diferencias y la multiculturalidad\u201d.<\/p>\n<p>\u201cEsto es Arlington, donde le damos la bienvenida a todos\u201d, expres\u00f3 Takis Karantonis, miembro de la Junta Directiva del condado.<\/p>\n<p>Karantonis tambi\u00e9n acot\u00f3 que las familias latinas, representa un elemento de fuerza para la ciudad.<\/p>\n<p>Por ende, Arlington celebr\u00f3 el festival latino Viva Cultura<\/p>\n<p>&nbsp;<\/p>\n","protected":false},"excerpt":{"rendered":"<p>Docenas de familias del \u00e1rea disfrutaron del festival, bailaron y pudieron adquirir artesan\u00edas de sus pa\u00edses. Arlington : El Centro de Asistencia a las Familias (CAF) celebr\u00f3 por segundo a\u00f1o consecutivo el festival latino Viva Cultura en el Gateway Park, de Arlington, Virginia. Durante la actividad, docenas de familias disfrutaron de comida, m\u00fasica, artesan\u00edas y [&hellip;]<\/p>\n","protected":false},"author":1,"featured_media":8348,"comment_status":"open","ping_status":"closed","sticky":false,"template":"","format":"standard","meta":{"footnotes":""},"categories":[2,5],"tags":[],"class_list":["post-8346","post","type-post","status-publish","format-standard","has-post-thumbnail","hentry","category-cultural","category-internacional"],"_links":{"self":[{"href":"https:\/\/podernacional.com\/index.php?rest_route=\/wp\/v2\/posts\/8346","targetHints":{"allow":["GET"]}}],"collection":[{"href":"https:\/\/podernacional.com\/index.php?rest_route=\/wp\/v2\/posts"}],"about":[{"href":"https:\/\/podernacional.com\/index.php?rest_route=\/wp\/v2\/types\/post"}],"author":[{"embeddable":true,"href":"https:\/\/podernacional.com\/index.php?rest_route=\/wp\/v2\/users\/1"}],"replies":[{"embeddable":true,"href":"https:\/\/podernacional.com\/index.php?rest_route=%2Fwp%2Fv2%2Fcomments&post=8346"}],"version-history":[{"count":1,"href":"https:\/\/podernacional.com\/index.php?rest_route=\/wp\/v2\/posts\/8346\/revisions"}],"predecessor-version":[{"id":8347,"href":"https:\/\/podernacional.com\/index.php?rest_route=\/wp\/v2\/posts\/8346\/revisions\/8347"}],"wp:featuredmedia":[{"embeddable":true,"href":"https:\/\/podernacional.com\/index.php?rest_route=\/wp\/v2\/media\/8348"}],"wp:attachment":[{"href":"https:\/\/podernacional.com\/index.php?rest_route=%2Fwp%2Fv2%2Fmedia&parent=8346"}],"wp:term":[{"taxonomy":"category","embeddable":true,"href":"https:\/\/podernacional.com\/index.php?rest_route=%2Fwp%2Fv2%2Fcategories&post=8346"},{"taxonomy":"post_tag","embeddable":true,"href":"https:\/\/podernacional.com\/index.php?rest_route=%2Fwp%2Fv2%2Ftags&post=8346"}],"curies":[{"name":"wp","href":"https:\/\/api.w.org\/{rel}","templated":true}]}}