{"id":8352,"date":"2022-08-16T17:51:51","date_gmt":"2022-08-16T22:51:51","guid":{"rendered":"https:\/\/podernacional.com\/?p=8352"},"modified":"2022-08-16T22:51:53","modified_gmt":"2022-08-16T22:51:53","slug":"danna-paola-ha-sido-cool-haberme-quitado-todas-mis-inseguridades","status":"publish","type":"post","link":"https:\/\/podernacional.com\/?p=8352","title":{"rendered":"Danna Paola: Ha sido \u201ccool\u201d haberme quitado todas mis inseguridades"},"content":{"rendered":"<h4>Lista para darlo todo en los Kids\u2019 Choice Awards M\u00e9xico como conductora y performer, Danna Paola.<\/h4>\n<p>Danna Paola: Con esto, confiesa este martes en una entrevista con Efe que experimenta la versi\u00f3n m\u00e1s aut\u00e9ntica de su carrera rumbo a su gira \u201c\u00c9xtasis\u201d.<\/p>\n<p>Mientras trabaja a la par en un nuevo disco.<\/p>\n<p>\u201cAhorita estoy siendo yo, esta Danna artista con un nuevo concepto donde estoy siendo 100 % yo\u201d.<\/p>\n<p>\u201cEs muy \u2018cool\u2019 haberlo encontrado y haberme podido quitar todas estas inseguridades y al final decir \u00a1esta soy yo!\u201d.<\/p>\n<p>Afianza la cantante mexicana de 27 a\u00f1os.<\/p>\n<p>Acaba de cumplir un sue\u00f1o al agotar en poco tiempo las entradas para su primer concierto en el Auditorio Nacional de la Ciudad de M\u00e9xico.<\/p>\n<h4>Despu\u00e9s de una larga trayectoria.<\/h4>\n<p>Este ser\u00e1 uno de los muchos conciertos de una gira internacional que nunca antes ha experimentado y que asegura que \u201cmuere\u201d de ganas por realizar.<\/p>\n<p>\u201cEs un \u00e9xtasis, por eso le puse as\u00ed a mi tour, porque para m\u00ed esa sensaci\u00f3n de estar arriba del escenario es un \u00e9xtasis\u201d.<\/p>\n<p>Ademas que cuenta la tambi\u00e9n actriz, quien confiesa que no deja de tomar clases de canto y de prepararse.<\/p>\n<p>Para Danna, los conciertos tambi\u00e9n son \u201crituales sagrados\u201d en los que tiene la oportunidad de ver materializado todo su trabajo.<\/p>\n<p>As\u00ed como de un espacio de conexi\u00f3n muy especial con sus seguidores.<\/p>\n<p>\u201cPara m\u00ed, es muy sagrado dar un buen espect\u00e1culo y dar algo con mucha calidad y profesionalismo\u201d, dice.<\/p>\n<p>\u201cEs el \u00fanico lugar en el que todo lo que trabaj\u00e9 el a\u00f1o, los lanzamientos, los videos, que tambi\u00e9n es incre\u00edble, se ve reflejado\u201d.<\/p>\n<p>\u201cEs como la c\u00faspide de un \u00e1lbum cuando estas en vivo y escuchas a un estadio, a una arena\u201d, a\u00f1ade.<\/p>\n<p>Adem\u00e1s, tambi\u00e9n es el espacio en el que puede sacar a su propia Sasha Fierce (el alter ego, de Beyonce).<\/p>\n<p>Ademas de transformarse en un ser diferente al que es a diario.<\/p>\n<p>\u201cEn el escenario me convierto en eso que no soy en la sala de mi casa\u201d.<\/p>\n<p>\u201cMe olvido de todo y me transformo completamente, es el sitio en el que me siento m\u00e1s segura de m\u00ed misma, m\u00e1s sensible\u201d.<\/p>\n<p>\u201cAl igual que sentirme que conecto muy \u2018heavy\u2019 (fuerte) con mi p\u00fablico y con cada alma que esta ah\u00ed\u201d, menciona.<\/p>\n<h4>EL AMOR Y LA M\u00daSICA<\/h4>\n<p>Desde hace tiempo, Danna ha divulgado al mundo que est\u00e1 enamorada del tambi\u00e9n cantante mexicano Alex Hoyer.<\/p>\n<p>Ahora han llevado su amor al plano laboral, pues juntos ser\u00e1n los presentadores de los Kids\u2019 Choice Awards M\u00e9xico el pr\u00f3ximo 30 de agosto.<\/p>\n<p>Cuando Danna tambi\u00e9n tendr\u00e1 la oportunidad de cantar un \u201cmash up\u201d de su m\u00fasica.<\/p>\n<p>Sin embargo, una colaboraci\u00f3n a\u00fan queda en puntos suspensivos, pues esperan que la primera sea \u201cic\u00f3nica\u201d.<\/p>\n<p>\u201cHemos pensado muchas colaboraciones a lo largo de nuestra relaci\u00f3n, nuestra primera conexi\u00f3n en la vida siempre ha sido la m\u00fasica\u201d.<\/p>\n<p>\u201cAdemas que es para m\u00ed es un honor poder trabajar con Alex porque es un genio\u201d, cuenta Danna.<\/p>\n<p>Sin embargo, s\u00ed ha sido parte de su proceso creativo en esta nueva etapa musical que ha sido inaugurada con el tema \u201c\u00c9xtasis\u201d.<\/p>\n<p>La cual es una canci\u00f3n en la que busc\u00f3 mezclar todas las influencias musicales que la han marcado.<\/p>\n<p>Para ello, cont\u00f3 con la mezcla del ingeniero Tom Norris, el mismo que trabaj\u00f3 con Lady Gaga en \u201cChromatica\u201d.<\/p>\n<p>\u201cAlex y yo dec\u00edamos que necesit\u00e1bamos a alguien que le diera al gancho al sonido que quer\u00edamos tener en esta canci\u00f3n\u201d<\/p>\n<h4>\u201cAdemas que es para m\u00ed un honor\u00bb.<\/h4>\n<p>\u201cAs\u00ed como que es tan ic\u00f3nico dentro de esta canci\u00f3n y en este proyecto, porque seguro haremos m\u00e1s cosas juntos\u201d, menciona.<\/p>\n<p>Con m\u00e1s de 50 canciones hechas y con la dif\u00edcil tarea de elegir las mejores para su pr\u00f3ximo disco.<\/p>\n<p>Con esto, Danna estar\u00e1 entre los escenarios y el estudio.<\/p>\n<p>\u201cEstoy uniendo muchas mentes locas de la industria y gente genio que pueda estar dentro de este nuevo \u00e1lbum\u201d, comenta.<\/p>\n<p>Adem\u00e1s, adelanta que, aunque sigue sin planes de actuar, tambi\u00e9n trabaja en proyectos audiovisuales de su autor\u00eda.<\/p>\n<p>Danna Paola: \u201cEstoy escribiendo mis propios proyectos, estoy produciendo una que otra cosita por ah\u00ed\u201d.<\/p>\n<p>\u201cEs algo que como artista me hace sentir orgullosa que tengo la capacidad de escribir y dirigir proyectos de actuaci\u00f3n para m\u00ed, ademas para otros\u201d.<\/p>\n","protected":false},"excerpt":{"rendered":"<p>Lista para darlo todo en los Kids\u2019 Choice Awards M\u00e9xico como conductora y performer, Danna Paola. Danna Paola: Con esto, confiesa este martes en una entrevista con Efe que experimenta la versi\u00f3n m\u00e1s aut\u00e9ntica de su carrera rumbo a su gira \u201c\u00c9xtasis\u201d. Mientras trabaja a la par en un nuevo disco. \u201cAhorita estoy siendo yo, [&hellip;]<\/p>\n","protected":false},"author":1,"featured_media":8354,"comment_status":"open","ping_status":"closed","sticky":false,"template":"","format":"standard","meta":{"footnotes":""},"categories":[2,4,5],"tags":[],"class_list":["post-8352","post","type-post","status-publish","format-standard","has-post-thumbnail","hentry","category-cultural","category-espectaculos","category-internacional"],"_links":{"self":[{"href":"https:\/\/podernacional.com\/index.php?rest_route=\/wp\/v2\/posts\/8352","targetHints":{"allow":["GET"]}}],"collection":[{"href":"https:\/\/podernacional.com\/index.php?rest_route=\/wp\/v2\/posts"}],"about":[{"href":"https:\/\/podernacional.com\/index.php?rest_route=\/wp\/v2\/types\/post"}],"author":[{"embeddable":true,"href":"https:\/\/podernacional.com\/index.php?rest_route=\/wp\/v2\/users\/1"}],"replies":[{"embeddable":true,"href":"https:\/\/podernacional.com\/index.php?rest_route=%2Fwp%2Fv2%2Fcomments&post=8352"}],"version-history":[{"count":1,"href":"https:\/\/podernacional.com\/index.php?rest_route=\/wp\/v2\/posts\/8352\/revisions"}],"predecessor-version":[{"id":8353,"href":"https:\/\/podernacional.com\/index.php?rest_route=\/wp\/v2\/posts\/8352\/revisions\/8353"}],"wp:featuredmedia":[{"embeddable":true,"href":"https:\/\/podernacional.com\/index.php?rest_route=\/wp\/v2\/media\/8354"}],"wp:attachment":[{"href":"https:\/\/podernacional.com\/index.php?rest_route=%2Fwp%2Fv2%2Fmedia&parent=8352"}],"wp:term":[{"taxonomy":"category","embeddable":true,"href":"https:\/\/podernacional.com\/index.php?rest_route=%2Fwp%2Fv2%2Fcategories&post=8352"},{"taxonomy":"post_tag","embeddable":true,"href":"https:\/\/podernacional.com\/index.php?rest_route=%2Fwp%2Fv2%2Ftags&post=8352"}],"curies":[{"name":"wp","href":"https:\/\/api.w.org\/{rel}","templated":true}]}}