{"id":8355,"date":"2022-08-16T19:17:08","date_gmt":"2022-08-17T00:17:08","guid":{"rendered":"https:\/\/podernacional.com\/?p=8355"},"modified":"2022-08-17T00:17:10","modified_gmt":"2022-08-17T00:17:10","slug":"sera-guanajuato-estado-invitado-en-la-feria-internacional-del-libro-de-coahuila","status":"publish","type":"post","link":"https:\/\/podernacional.com\/?p=8355","title":{"rendered":"Ser\u00e1 Guanajuato estado invitado en la Feria Internacional del Libro de Coahuila"},"content":{"rendered":"<h4>Con una programaci\u00f3n de m\u00e1s de 40 actividades art\u00edsticas y literarias.<\/h4>\n<p>Feria Internacional del Libro en Guanajuato ser\u00e1 el estado invitado en la 24\u00aa Feria Internacional del Libro de Coahuila.<\/p>\n<p>El cual se realizar\u00e1 del 9 del 18 de septiembre en Arteaga, en la zona metropolitana de Saltillo.<\/p>\n<p>Guanajuato se Lee en Coahuila es el nombre de la programaci\u00f3n especial coordinada por el Instituto Estatal de la Cultura.<\/p>\n<p>A trav\u00e9s de Ediciones La Rana y a la que se suman participaciones de la Secretar\u00eda de Turismo, la Universidad de Guanajuato.<\/p>\n<p>As\u00ed como del Museo Iconogr\u00e1fico del Quijote y sellos independientes del Fondo Editorial Guanajuato.<\/p>\n<p>Es la segunda ocasi\u00f3n que Guanajuato es invitado de honor a una feria internacional del libro.<\/p>\n<p>Despu\u00e9s de que hace justo una d\u00e9cada tuvo esa distinci\u00f3n para la Feria Internacional del Libro del Palacio de Miner\u00eda, en la Ciudad de M\u00e9xico.<\/p>\n<p>Es tambi\u00e9n la segunda oportunidad en que Guanajuato y Coahuila colaboran en un programa cultural conjunto.<\/p>\n<h4>Luego de que el a\u00f1o pasado la entidad norte\u00f1a fuera invitada de honor en el Festival Internacional Cervantino.<\/h4>\n<p>Adriana Camarena de Obeso, directora general del IEC, manifest\u00f3:<\/p>\n<p>\u201cHemos querido que Guanajuato se Lee en Coahuila no sea una presencia s\u00f3lo editorial\u201d.<\/p>\n<p>\u201cSino que a trav\u00e9s de los libros y en su compa\u00f1\u00eda, abramos una ventana hacia la riqueza cultural guanajuatense\u201d.<\/p>\n<p>El programa de Guanajuato se lee en Coahuila comprende 29 presentaciones editoriales.<\/p>\n<p>Ademas de 21 funciones de nueve propuestas art\u00edsticas que incluyen narraci\u00f3n oral, teatro y m\u00fasica.<\/p>\n<p>Dos de las presentaciones editoriales tienen un formato mixto.<\/p>\n<p>Pues se complementan con intervenciones musicales de Tali D\u00edaz y los D\u00edaz del Real o el Tr\u00edo Orozco-Mata-Garc\u00eda.<\/p>\n<p>En la feria coahuilense har\u00e1n su debut absoluto cinco nuevos t\u00edtulos de Ediciones La Rana, entre ellos:<\/p>\n<p>\u201cOlafo y los amigos. Jorge Ibarg\u00fcengoitia y el avionazo de Avianca\u201d.<\/p>\n<p>El cual es una recopilaci\u00f3n de ensayos sobre el insigne autor guanajuatense y sus colegas Marta Traba, \u00c1ngel Rama y Manuel Scorza.<\/p>\n<h4>Ademas que tambi\u00e9n perecieron en aquella tragedia a\u00e9rea de 1983.<\/h4>\n<p>Tambi\u00e9n se presentar\u00e1n por primera vez:<\/p>\n<p>\u201cJaraneros, puetas y vareros\u201d, toda una biblia sobre el huapango guanajuatense preparada por Tali D\u00edaz\u201d.<\/p>\n<p>\u201cMarte R. G\u00f3mez y Diego Rivera. Historia de una colecci\u00f3n\u201d, amplio estudio de Mar\u00eda Elena Dur\u00e1n sobre el notable acervo.<\/p>\n<p>El cual est\u00e1 custodiado por el Museo Casa Diego Rivera.<\/p>\n<p>\u201cMiradas extranjeras al estado de Guanajuato\u201d, de Jos\u00e9 N. Iturriaga y \u201cF\u00e9mina literaria\u201d, una antolog\u00eda de escritoras guanajuatenses.<\/p>\n<p>En la participaci\u00f3n de Ediciones La Rana se cuentan asimismo algunos de sus t\u00edtulos m\u00e1s notables del 2021, como \u201cJes\u00fas Gallardo.<\/p>\n<p>De la bruma a la l\u00ednea\u201d, de Jos\u00e9 de Santiago Silva; \u201cHermenegildo Bustos. Su vida y su obra\u201d, de Pascual Aceves Barajas.<\/p>\n<p>\u201cCuando te hable de amor y de ilusiones\u201d, de Paloma Jim\u00e9nez G\u00e1lvez<\/p>\n<p>\u201cEl riel de la memoria\u201d, de Amigos del Ferrocarril y la colecci\u00f3n Fondo para las Letras Guanajuatenses.<\/p>\n<p>As\u00ed como piezas ejemplares de su cat\u00e1logo de arte popular, como:<\/p>\n<h4>\u201cCocina tradicional guanajuatense. Historias y recetas\u201d, \u201cEl juguete popular guanajuatense\u201d y \u201cArte popular guanajuatense. Con la tradici\u00f3n en las manos\u201d.<\/h4>\n<p>Como muestra de la diversidad editorial de la entidad, en Coahuila se presentar\u00e1n 13 t\u00edtulos de sellos independientes del Fondo Editorial Guanajuato.<\/p>\n<p>As\u00ed como Cinosargo y Los P\u00e1jaros, Sindicato Sentimental, El Principio del Caos, Los Otros Libros, E1 y Orval.<\/p>\n<p>Adem\u00e1s del Museo Iconogr\u00e1fico del Quijote y la Editorial UG.<\/p>\n<p>En lo art\u00edstico, Guanajuato estar\u00e1 representado por siete agrupaciones que ofrecer\u00e1n en total 21 funciones esc\u00e9nicas, musicales y de narraci\u00f3n oral.<\/p>\n<p>En este elenco se cuentan la Banda de M\u00fasica del Estado, la compa\u00f1\u00eda teatral Cornisa 20, la Estudiantina Guanajuato.<\/p>\n<p>As\u00ed como de las narradoras y narradores Laura Casillas, Sara Zepeda, Violeta Ram\u00edrez y Bernardo Govea y la puesta en escena \u201cLas muertas\u201d.<\/p>\n<p>La cual est\u00e1 dirigida por Luis Mart\u00edn Sol\u00eds e inspirada en la novela hom\u00f3nima de Jorge Ibarg\u00fcengoitia.<\/p>\n<p>La programaci\u00f3n a detalle de la Feria Internacional del Libro Coahuila 2022 se podr\u00e1 consultar en su p\u00e1gina oficial: filcoahuila.org<\/p>\n<h4>Numeralia<\/h4>\n<p>Guanajuato se Lee en Coahuila<\/p>\n<p>Del 9 al 18 de septiembre, 2022<\/p>\n<p>29 presentaciones editoriales<\/p>\n<p>16 Ediciones La Rana<\/p>\n<p>13 Fondo Editorial Guanajuato<\/p>\n<p>1 mesa sobre literatura infantil<\/p>\n<p>9 sellos editoriales<\/p>\n<p>9 agrupaciones esc\u00e9nicas y musicales<\/p>\n<p>22 funciones art\u00edsticas<\/p>\n<p>9 Teatro<\/p>\n<p>8 Narraci\u00f3n oral<\/p>\n<p>5 M\u00fasica<\/p>\n","protected":false},"excerpt":{"rendered":"<p>Con una programaci\u00f3n de m\u00e1s de 40 actividades art\u00edsticas y literarias. Feria Internacional del Libro en Guanajuato ser\u00e1 el estado invitado en la 24\u00aa Feria Internacional del Libro de Coahuila. El cual se realizar\u00e1 del 9 del 18 de septiembre en Arteaga, en la zona metropolitana de Saltillo. Guanajuato se Lee en Coahuila es el [&hellip;]<\/p>\n","protected":false},"author":1,"featured_media":8357,"comment_status":"open","ping_status":"closed","sticky":false,"template":"","format":"standard","meta":{"footnotes":""},"categories":[2,5],"tags":[],"class_list":["post-8355","post","type-post","status-publish","format-standard","has-post-thumbnail","hentry","category-cultural","category-internacional"],"_links":{"self":[{"href":"https:\/\/podernacional.com\/index.php?rest_route=\/wp\/v2\/posts\/8355","targetHints":{"allow":["GET"]}}],"collection":[{"href":"https:\/\/podernacional.com\/index.php?rest_route=\/wp\/v2\/posts"}],"about":[{"href":"https:\/\/podernacional.com\/index.php?rest_route=\/wp\/v2\/types\/post"}],"author":[{"embeddable":true,"href":"https:\/\/podernacional.com\/index.php?rest_route=\/wp\/v2\/users\/1"}],"replies":[{"embeddable":true,"href":"https:\/\/podernacional.com\/index.php?rest_route=%2Fwp%2Fv2%2Fcomments&post=8355"}],"version-history":[{"count":1,"href":"https:\/\/podernacional.com\/index.php?rest_route=\/wp\/v2\/posts\/8355\/revisions"}],"predecessor-version":[{"id":8356,"href":"https:\/\/podernacional.com\/index.php?rest_route=\/wp\/v2\/posts\/8355\/revisions\/8356"}],"wp:featuredmedia":[{"embeddable":true,"href":"https:\/\/podernacional.com\/index.php?rest_route=\/wp\/v2\/media\/8357"}],"wp:attachment":[{"href":"https:\/\/podernacional.com\/index.php?rest_route=%2Fwp%2Fv2%2Fmedia&parent=8355"}],"wp:term":[{"taxonomy":"category","embeddable":true,"href":"https:\/\/podernacional.com\/index.php?rest_route=%2Fwp%2Fv2%2Fcategories&post=8355"},{"taxonomy":"post_tag","embeddable":true,"href":"https:\/\/podernacional.com\/index.php?rest_route=%2Fwp%2Fv2%2Ftags&post=8355"}],"curies":[{"name":"wp","href":"https:\/\/api.w.org\/{rel}","templated":true}]}}