{"id":8358,"date":"2022-08-16T19:32:53","date_gmt":"2022-08-17T00:32:53","guid":{"rendered":"https:\/\/podernacional.com\/?p=8358"},"modified":"2022-08-17T00:32:54","modified_gmt":"2022-08-17T00:32:54","slug":"cancun-carece-de-espacios-inclusivos-para-las-tribus-urbanas","status":"publish","type":"post","link":"https:\/\/podernacional.com\/?p=8358","title":{"rendered":"Canc\u00fan carece de espacios inclusivos para las tribus urbanas"},"content":{"rendered":"<h4>La Casa de la Cultura invit\u00f3 a los j\u00f3venes al evento \u201cEn qu\u00e9 anda la banda\u201d el 19 al 21 de agosto.<\/h4>\n<p>Espacios inclusivos : Tribus urbanas carecen de espacios inclusivos de Canc\u00fan<\/p>\n<p>A pesar que diversas tribus urbanas de Canc\u00fan carecen de suficientes espacios inclusivos para expresar sus preferencias culturales.<\/p>\n<p>Ademas lo que obstaculiza su expansi\u00f3n a nivel local siempre existen otras alternativas para socializar.<\/p>\n<p>Amy Teiwaz de Dios, directora de Xibalb\u00e1 tianguis cultural de Canc\u00fan.<\/p>\n<p>Ademas que coment\u00f3 que en la ciudad se han detectado m\u00e1s de 25 subculturas o grupos de al menos 50 integrantes.<\/p>\n<p>Entre los que destac\u00f3 rockeros, metaleros, bikers y gamers.<\/p>\n<p>Entre otras, quienes requieren de al menos un espacio pluricultural y seguro para interactuar entre grupos y darse a conocer.<\/p>\n<h4>Tribus urbanas carecen de espacios inclusivos de Canc\u00fan<\/h4>\n<p>Dijo que hace un a\u00f1o se ha colaborado con el Instituto de la Cultura y las Artes, para realizar eventos en el foro cultural Na\u2019at.<\/p>\n<p>Al igual que todos los s\u00e1bados desde las 14 hasta las 22 horas, aunque la participaci\u00f3n de las diversas tribus urbanas ha sido intermitente.<\/p>\n<p>\u201cSe necesitaba crear una plataforma que permitiera a la gente acercarse y darse a conocer, en un espacio seguro, familiar\u201d.<\/p>\n<p>\u201cAdemas de ser sin estigmatizaci\u00f3n e incluso, que estos grupos puedan recibir a nuevos miembros que tambi\u00e9n tengan afinidad con sus preferencias\u201d, dijo.<\/p>\n<p>Casa de la Cultura invita a \u201cEn qu\u00e9 anda la banda\u201d<\/p>\n<p>Carlos P\u00e9rez Sandoval, encargado de comunicaci\u00f3n de Casa de la Cultura Canc\u00fan.<\/p>\n<h4>Con eso se inform\u00f3 que del 19 al 21 de agosto se realizar\u00e1 el evento \u201cEn qu\u00e9 anda la banda\u201d.<\/h4>\n<p>El cual menciona que contar\u00e1 con la participaci\u00f3n de m\u00e1s de 50 emprendedores.<\/p>\n<p>Para que el p\u00fablico en general pueda acercarse a distintas formas de arte local y se incluir\u00e1 tambi\u00e9n a varias tribus urbanas de Canc\u00fan.<\/p>\n<p>\u201cHabr\u00e1 emprendedores de Alpha Bazar, la Buena Vecindad, Xibalb\u00e1, as\u00ed como actividades para los distintos grupos\u201d.<\/p>\n<p>\u201cHabr\u00e1 una galer\u00eda de arte, cortometrajes art\u00edsticos, actividades de videojuegos, batalla medieval, bazares, tejido colectivo, y m\u00e1s\u201d.<\/p>\n<p>\u201cAdemas que fomenten la inclusi\u00f3n entre gente de las tribus urbanas y la ciudadan\u00eda\u201d, explic\u00f3.<\/p>\n","protected":false},"excerpt":{"rendered":"<p>La Casa de la Cultura invit\u00f3 a los j\u00f3venes al evento \u201cEn qu\u00e9 anda la banda\u201d el 19 al 21 de agosto. Espacios inclusivos : Tribus urbanas carecen de espacios inclusivos de Canc\u00fan A pesar que diversas tribus urbanas de Canc\u00fan carecen de suficientes espacios inclusivos para expresar sus preferencias culturales. Ademas lo que obstaculiza [&hellip;]<\/p>\n","protected":false},"author":1,"featured_media":8360,"comment_status":"open","ping_status":"closed","sticky":false,"template":"","format":"standard","meta":{"footnotes":""},"categories":[6,10],"tags":[],"class_list":["post-8358","post","type-post","status-publish","format-standard","has-post-thumbnail","hentry","category-local","category-quintana-roo"],"_links":{"self":[{"href":"https:\/\/podernacional.com\/index.php?rest_route=\/wp\/v2\/posts\/8358","targetHints":{"allow":["GET"]}}],"collection":[{"href":"https:\/\/podernacional.com\/index.php?rest_route=\/wp\/v2\/posts"}],"about":[{"href":"https:\/\/podernacional.com\/index.php?rest_route=\/wp\/v2\/types\/post"}],"author":[{"embeddable":true,"href":"https:\/\/podernacional.com\/index.php?rest_route=\/wp\/v2\/users\/1"}],"replies":[{"embeddable":true,"href":"https:\/\/podernacional.com\/index.php?rest_route=%2Fwp%2Fv2%2Fcomments&post=8358"}],"version-history":[{"count":1,"href":"https:\/\/podernacional.com\/index.php?rest_route=\/wp\/v2\/posts\/8358\/revisions"}],"predecessor-version":[{"id":8359,"href":"https:\/\/podernacional.com\/index.php?rest_route=\/wp\/v2\/posts\/8358\/revisions\/8359"}],"wp:featuredmedia":[{"embeddable":true,"href":"https:\/\/podernacional.com\/index.php?rest_route=\/wp\/v2\/media\/8360"}],"wp:attachment":[{"href":"https:\/\/podernacional.com\/index.php?rest_route=%2Fwp%2Fv2%2Fmedia&parent=8358"}],"wp:term":[{"taxonomy":"category","embeddable":true,"href":"https:\/\/podernacional.com\/index.php?rest_route=%2Fwp%2Fv2%2Fcategories&post=8358"},{"taxonomy":"post_tag","embeddable":true,"href":"https:\/\/podernacional.com\/index.php?rest_route=%2Fwp%2Fv2%2Ftags&post=8358"}],"curies":[{"name":"wp","href":"https:\/\/api.w.org\/{rel}","templated":true}]}}