{"id":8364,"date":"2022-08-16T20:03:28","date_gmt":"2022-08-17T01:03:28","guid":{"rendered":"https:\/\/podernacional.com\/?p=8364"},"modified":"2022-08-17T01:03:29","modified_gmt":"2022-08-17T01:03:29","slug":"curso-de-verano-en-zacatecas-enseno-a-ninos-y-ninas-como-reaccionar-ante-una-balacera","status":"publish","type":"post","link":"https:\/\/podernacional.com\/?p=8364","title":{"rendered":"Curso de verano en Zacatecas ense\u00f1\u00f3 a ni\u00f1os y ni\u00f1as c\u00f3mo reaccionar ante una balacera"},"content":{"rendered":"<h4>El video del simulacro circul\u00f3 en redes sociales, ocasionando varios comentarios de preocupaci\u00f3n por la violencia que se vive en M\u00e9xico<\/h4>\n<p>Curso de verano: Ni\u00f1os en simulacro de balacera en Zacatecas<\/p>\n<p>Durante un curso de verano en Zacatecas, un grupo de ni\u00f1os aprendi\u00f3 c\u00f3mo actuar ante una posible balacera.<\/p>\n<p>El video del simulacro se difundi\u00f3 en redes causando tristeza y preocupaci\u00f3n entre los usuarios.<\/p>\n<p>Ademas, pues aseguraron que es un reflejo de la violencia que se vive en M\u00e9xico.<\/p>\n<p>Se trat\u00f3 del curso llamado \u201cMis Vacaciones en la biblioteca\u201d en el que le ense\u00f1aron a los menores matem\u00e1ticas, espa\u00f1ol, dibujo.<\/p>\n<p>Tambi\u00e9n c\u00f3mo actuar en una balacera.<\/p>\n<p>Durante una tarde, asistieron algunos polic\u00edas municipales que simularon detonaciones de bala para que los menores.<\/p>\n<p>Al igual que a los adultos presentes tuvieran una experiencia m\u00e1s realista.<\/p>\n<p>En la grabaci\u00f3n se observa c\u00f3mo elementos de la polic\u00eda municipal de Fresnillo le ense\u00f1an a los ni\u00f1os, ni\u00f1as y adultos a actuar.<\/p>\n<p>Uno de los primeros pasos es ponerse pecho tierra y bajar la cabeza, posteriormente pegarse a las paredes o hacer un c\u00edrculo dentro del aula.<\/p>\n<p>Ni\u00f1os en simulacro de balacera en Zacatecas<\/p>\n<p>\u201c!Uno, dos, tres!\u201d, se escucha decir a un polic\u00eda en la grabaci\u00f3n antes de que comiencen a escucharse las detonaciones falsas en repetidas ocasiones.<\/p>\n<h4>Mientras los presentes se manten\u00edan agachados los oficiales les daban recomendaciones a algunos de los ni\u00f1os.<\/h4>\n<p>Asimismo, para mantener la calma las personas adultas comenzaron a cantar.<\/p>\n<p>Instando a los menores a unirse y centrarse en la canci\u00f3n, m\u00e1s no en el ruido de la balacera.<\/p>\n<p>Corearon: \u201cUn elefante se columpiaba sobre la tela de una ara\u00f1a, c\u00f3mo ve\u00edan que resist\u00eda fueron a llamar a otro elefante\u201d.<\/p>\n<p>Mientras se escuchaban las detonaciones, las cuales, a pesar de ser grabadas en algunos momentos parecen alterar a los ni\u00f1os.<\/p>\n<p>As\u00ed como que dan breves gritos que poco a poco se convierten en el coro de la canci\u00f3n.<\/p>\n<p>Los internautas lamentaron ver que en un curso de verano se incluyan simulacros de balaceras.<\/p>\n<p>No obstante, reconocieron que, con la ola de violencia que se vive en el pa\u00eds, no es tan descabellada la idea.<\/p>\n<p>Ademas que en alg\u00fan momento estos aprendizajes les podr\u00edan ayudar para salvar sus vidas.<\/p>\n","protected":false},"excerpt":{"rendered":"<p>El video del simulacro circul\u00f3 en redes sociales, ocasionando varios comentarios de preocupaci\u00f3n por la violencia que se vive en M\u00e9xico Curso de verano: Ni\u00f1os en simulacro de balacera en Zacatecas Durante un curso de verano en Zacatecas, un grupo de ni\u00f1os aprendi\u00f3 c\u00f3mo actuar ante una posible balacera. El video del simulacro se difundi\u00f3 [&hellip;]<\/p>\n","protected":false},"author":1,"featured_media":8366,"comment_status":"open","ping_status":"closed","sticky":false,"template":"","format":"standard","meta":{"footnotes":""},"categories":[7,9],"tags":[],"class_list":["post-8364","post","type-post","status-publish","format-standard","has-post-thumbnail","hentry","category-nacional","category-politica"],"_links":{"self":[{"href":"https:\/\/podernacional.com\/index.php?rest_route=\/wp\/v2\/posts\/8364","targetHints":{"allow":["GET"]}}],"collection":[{"href":"https:\/\/podernacional.com\/index.php?rest_route=\/wp\/v2\/posts"}],"about":[{"href":"https:\/\/podernacional.com\/index.php?rest_route=\/wp\/v2\/types\/post"}],"author":[{"embeddable":true,"href":"https:\/\/podernacional.com\/index.php?rest_route=\/wp\/v2\/users\/1"}],"replies":[{"embeddable":true,"href":"https:\/\/podernacional.com\/index.php?rest_route=%2Fwp%2Fv2%2Fcomments&post=8364"}],"version-history":[{"count":1,"href":"https:\/\/podernacional.com\/index.php?rest_route=\/wp\/v2\/posts\/8364\/revisions"}],"predecessor-version":[{"id":8365,"href":"https:\/\/podernacional.com\/index.php?rest_route=\/wp\/v2\/posts\/8364\/revisions\/8365"}],"wp:featuredmedia":[{"embeddable":true,"href":"https:\/\/podernacional.com\/index.php?rest_route=\/wp\/v2\/media\/8366"}],"wp:attachment":[{"href":"https:\/\/podernacional.com\/index.php?rest_route=%2Fwp%2Fv2%2Fmedia&parent=8364"}],"wp:term":[{"taxonomy":"category","embeddable":true,"href":"https:\/\/podernacional.com\/index.php?rest_route=%2Fwp%2Fv2%2Fcategories&post=8364"},{"taxonomy":"post_tag","embeddable":true,"href":"https:\/\/podernacional.com\/index.php?rest_route=%2Fwp%2Fv2%2Ftags&post=8364"}],"curies":[{"name":"wp","href":"https:\/\/api.w.org\/{rel}","templated":true}]}}